{"id":29421,"date":"2025-12-10T08:28:00","date_gmt":"2025-12-10T07:28:00","guid":{"rendered":"https:\/\/archiwum.radiopodlasie.pl\/NEW\/?p=29421"},"modified":"2025-12-12T16:04:50","modified_gmt":"2025-12-12T15:04:50","slug":"rozmowa-z-mariuszem-kucewiczem","status":"publish","type":"post","link":"http:\/\/archiwum.radiopodlasie.pl\/NEW\/2025\/12\/10\/rozmowa-z-mariuszem-kucewiczem\/","title":{"rendered":"Rozmowa z Mariuszem Kucewiczem"},"content":{"rendered":"\n<p>Tytu\u0142: Rozmowa z Mariuszem Kucewiczem &#8211; burmistrzem \u0141osic<\/p>\n\n\n\n<p>Autor: Kamil Skorupski<\/p>\n\n\n\n<p>Nazwa audycji: <strong><span style=\"color: #339966;\">Wywiady, O tym si\u0119 m\u00f3wi<\/span><\/strong><br>Data emisji: 10-12-2025<\/p>\n\n\n\n<p>W kilku miejscowo\u015bciach, w pobli\u017cu \u0141osic inwestorzy chc\u0105 wybudowa\u0107 kolejne fermy drobiu. W tej sprawie wyst\u0105pili do Urz\u0119du Miasta i Gminy \u0141osice o wydanie decyzji umo\u017cliwiaj\u0105cych inwestycji. Budzi to obawy mieszka\u0144c\u00f3w, kt\u00f3rzy obawiaj\u0105 si\u0119 uci\u0105\u017cliwych zapach\u00f3w. Co na to burmistrz Mariusz Kucewicz? O to zapyta\u0142 go Kamil Skorupski.<\/p>\n\n\n\n<figure class=\"wp-block-audio\"><audio controls src=\"https:\/\/dzwieki.radiopodlasie.pl:8789\/uploads\/2025\/12\/251210_otym10_kskorupski.mp3\"><\/audio><\/figure>\n","protected":false},"excerpt":{"rendered":"<p>Tytu\u0142: Rozmowa z Mariuszem Kucewiczem &#8211; burmistrzem \u0141osic Autor: Kamil Skorupski Nazwa audycji: Wywiady, O tym si\u0119 m\u00f3wiData emisji: 10-12-2025 W kilku miejscowo\u015bciach, w pobli\u017cu \u0141osic inwestorzy chc\u0105 wybudowa\u0107 kolejne fermy drobiu. W tej&#46;&#46;&#46;<\/p>\n","protected":false},"author":123459,"featured_media":6622,"comment_status":"open","ping_status":"open","sticky":false,"template":"","format":"standard","meta":{"om_disable_all_campaigns":false,"_monsterinsights_skip_tracking":false,"_monsterinsights_sitenote_active":false,"_monsterinsights_sitenote_note":"","_monsterinsights_sitenote_category":0,"footnotes":""},"categories":[323,1215,332],"tags":[297,289,6],"class_list":["post-29421","post","type-post","status-publish","format-standard","has-post-thumbnail","hentry","category-audycje","category-kamil-skorupski","category-o-tym-sie-mowi","tag-kamil-skorupski","tag-mariusz-kucewicz","tag-o-tym-sie-mowi"],"aioseo_notices":[],"_links":{"self":[{"href":"http:\/\/archiwum.radiopodlasie.pl\/NEW\/wp-json\/wp\/v2\/posts\/29421","targetHints":{"allow":["GET"]}}],"collection":[{"href":"http:\/\/archiwum.radiopodlasie.pl\/NEW\/wp-json\/wp\/v2\/posts"}],"about":[{"href":"http:\/\/archiwum.radiopodlasie.pl\/NEW\/wp-json\/wp\/v2\/types\/post"}],"author":[{"embeddable":true,"href":"http:\/\/archiwum.radiopodlasie.pl\/NEW\/wp-json\/wp\/v2\/users\/123459"}],"replies":[{"embeddable":true,"href":"http:\/\/archiwum.radiopodlasie.pl\/NEW\/wp-json\/wp\/v2\/comments?post=29421"}],"version-history":[{"count":2,"href":"http:\/\/archiwum.radiopodlasie.pl\/NEW\/wp-json\/wp\/v2\/posts\/29421\/revisions"}],"predecessor-version":[{"id":29423,"href":"http:\/\/archiwum.radiopodlasie.pl\/NEW\/wp-json\/wp\/v2\/posts\/29421\/revisions\/29423"}],"wp:featuredmedia":[{"embeddable":true,"href":"http:\/\/archiwum.radiopodlasie.pl\/NEW\/wp-json\/wp\/v2\/media\/6622"}],"wp:attachment":[{"href":"http:\/\/archiwum.radiopodlasie.pl\/NEW\/wp-json\/wp\/v2\/media?parent=29421"}],"wp:term":[{"taxonomy":"category","embeddable":true,"href":"http:\/\/archiwum.radiopodlasie.pl\/NEW\/wp-json\/wp\/v2\/categories?post=29421"},{"taxonomy":"post_tag","embeddable":true,"href":"http:\/\/archiwum.radiopodlasie.pl\/NEW\/wp-json\/wp\/v2\/tags?post=29421"}],"curies":[{"name":"wp","href":"https:\/\/api.w.org\/{rel}","templated":true}]}}