{"id":29435,"date":"2025-12-11T17:02:00","date_gmt":"2025-12-11T16:02:00","guid":{"rendered":"https:\/\/archiwum.radiopodlasie.pl\/NEW\/?p=29435"},"modified":"2025-12-12T18:02:32","modified_gmt":"2025-12-12T17:02:32","slug":"odbudowa-kaplicy-matki-bozej-loretanskiej-w-kosciele-pofranciszkanskim-w-drohiczynie","status":"publish","type":"post","link":"http:\/\/archiwum.radiopodlasie.pl\/NEW\/2025\/12\/11\/odbudowa-kaplicy-matki-bozej-loretanskiej-w-kosciele-pofranciszkanskim-w-drohiczynie\/","title":{"rendered":"Odbudowa Kaplicy Matki Bo\u017cej Loreta\u0144skiej w ko\u015bciele pofranciszka\u0144skim w Drohiczynie"},"content":{"rendered":"<p>Tytu\u0142<strong>: Odbudowa Kaplicy Matki Bo\u017cej Loreta\u0144skiej w ko\u015bciele pofranciszka\u0144skim w Drohiczynie<\/strong><\/p>\n<p>Autor: Agnieszka Bolewska-Iwaniuk<\/p>\n<p>Nazwa audycji: <strong><span style=\"color: #339966;\">Wywiady<\/span><\/strong><br \/>Data emisji: 11-12-2025<\/p>\n<p>Kaplica Matki Bo\u017cej Loreta\u0144skiej w ko\u015bciele pofranciszka\u0144skim w Drohiczynie jest wyj\u0105tkowym zabytkiem sakralnym, architektonicznym i turystycznym. <br \/>Od roku 1832 przez 193 lata w Kaplicy Loreta\u0144skiej nie sprawowano nabo\u017ce\u0144stw. Od czasu II wojny \u015bwiatowej, przez 74 lata, z powodu zniszcze\u0144 wojennych by\u0142a zamkni\u0119ta. W ostatnich latach obiekt odbudowano. 10 grudnia 2025 roku odby\u0142a si\u0119 uroczysto\u015b\u0107 po\u015bwi\u0119cenia Kaplicy. <br \/>O historii tego miejsca i nie\u0142atwym remoncie z ks. Wies\u0142awem Niemyjskim proboszczem parafii katedralnej w Drohiczynie rozmawia\u0142a Agnieszka Bolewska-Iwaniuk.<\/p>\n\n\n<figure class=\"wp-block-image size-large\"><img loading=\"lazy\" decoding=\"async\" width=\"1024\" height=\"683\" src=\"https:\/\/archiwum.radiopodlasie.pl\/NEW\/wp-content\/uploads\/2025\/12\/kaplica-loretanska-drohiczyn-1024x683.jpg\" alt=\"\" class=\"wp-image-29437\" srcset=\"http:\/\/archiwum.radiopodlasie.pl\/NEW\/wp-content\/uploads\/2025\/12\/kaplica-loretanska-drohiczyn-1024x683.jpg 1024w, http:\/\/archiwum.radiopodlasie.pl\/NEW\/wp-content\/uploads\/2025\/12\/kaplica-loretanska-drohiczyn-300x200.jpg 300w, http:\/\/archiwum.radiopodlasie.pl\/NEW\/wp-content\/uploads\/2025\/12\/kaplica-loretanska-drohiczyn-768x512.jpg 768w, http:\/\/archiwum.radiopodlasie.pl\/NEW\/wp-content\/uploads\/2025\/12\/kaplica-loretanska-drohiczyn.jpg 1200w\" sizes=\"auto, (max-width: 1024px) 100vw, 1024px\" \/><\/figure>\n\n\n\n<figure class=\"wp-block-audio\"><audio controls src=\"https:\/\/dzwieki.radiopodlasie.pl:8789\/uploads\/2025\/12\/251211_abol_11_xniemyjski_pp_1.mp3\"><\/audio><\/figure>\n\n\n\n<p>Inwestycja cieszy samorz\u0105dowc\u00f3w i mieszka\u0144c\u00f3w. O kaplicy, kt\u00f3ra odzyska\u0142a dawny blask z Wojciechem Borzymem &#8211; burmistrzem Drohiczyna i Marianem Rogowcem \u2013 przewodnicz\u0105cym rady miejskiej, rozmawia\u0142a Agnieszka Bolewska-Iwaniuk.<\/p>\n\n\n\n<figure class=\"wp-block-audio\"><audio controls src=\"https:\/\/dzwieki.radiopodlasie.pl:8789\/uploads\/2025\/12\/251211_abol_11_kaplica_ddp_2.mp3\"><\/audio><\/figure>\n","protected":false},"excerpt":{"rendered":"<p>Tytu\u0142: Odbudowa Kaplicy Matki Bo\u017cej Loreta\u0144skiej w ko\u015bciele pofranciszka\u0144skim w Drohiczynie Autor: Agnieszka Bolewska-Iwaniuk Nazwa audycji: WywiadyData emisji: 11-12-2025 Kaplica Matki Bo\u017cej Loreta\u0144skiej w ko\u015bciele pofranciszka\u0144skim w Drohiczynie jest wyj\u0105tkowym zabytkiem sakralnym, architektonicznym i&#46;&#46;&#46;<\/p>\n","protected":false},"author":123459,"featured_media":29437,"comment_status":"open","ping_status":"open","sticky":false,"template":"","format":"standard","meta":{"om_disable_all_campaigns":false,"_monsterinsights_skip_tracking":false,"_monsterinsights_sitenote_active":false,"_monsterinsights_sitenote_note":"","_monsterinsights_sitenote_category":0,"footnotes":""},"categories":[360,320],"tags":[201,840,4465,1621,564],"class_list":["post-29435","post","type-post","status-publish","format-standard","has-post-thumbnail","hentry","category-agnieszka-bolewska-iwaniuk","category-wywiady","tag-agnieszka-bolewska-iwaniuk","tag-drohiczyn","tag-kaplica","tag-ks-wieslawem-niemyjski","tag-wojciech-borzym"],"aioseo_notices":[],"_links":{"self":[{"href":"http:\/\/archiwum.radiopodlasie.pl\/NEW\/wp-json\/wp\/v2\/posts\/29435","targetHints":{"allow":["GET"]}}],"collection":[{"href":"http:\/\/archiwum.radiopodlasie.pl\/NEW\/wp-json\/wp\/v2\/posts"}],"about":[{"href":"http:\/\/archiwum.radiopodlasie.pl\/NEW\/wp-json\/wp\/v2\/types\/post"}],"author":[{"embeddable":true,"href":"http:\/\/archiwum.radiopodlasie.pl\/NEW\/wp-json\/wp\/v2\/users\/123459"}],"replies":[{"embeddable":true,"href":"http:\/\/archiwum.radiopodlasie.pl\/NEW\/wp-json\/wp\/v2\/comments?post=29435"}],"version-history":[{"count":2,"href":"http:\/\/archiwum.radiopodlasie.pl\/NEW\/wp-json\/wp\/v2\/posts\/29435\/revisions"}],"predecessor-version":[{"id":29438,"href":"http:\/\/archiwum.radiopodlasie.pl\/NEW\/wp-json\/wp\/v2\/posts\/29435\/revisions\/29438"}],"wp:featuredmedia":[{"embeddable":true,"href":"http:\/\/archiwum.radiopodlasie.pl\/NEW\/wp-json\/wp\/v2\/media\/29437"}],"wp:attachment":[{"href":"http:\/\/archiwum.radiopodlasie.pl\/NEW\/wp-json\/wp\/v2\/media?parent=29435"}],"wp:term":[{"taxonomy":"category","embeddable":true,"href":"http:\/\/archiwum.radiopodlasie.pl\/NEW\/wp-json\/wp\/v2\/categories?post=29435"},{"taxonomy":"post_tag","embeddable":true,"href":"http:\/\/archiwum.radiopodlasie.pl\/NEW\/wp-json\/wp\/v2\/tags?post=29435"}],"curies":[{"name":"wp","href":"https:\/\/api.w.org\/{rel}","templated":true}]}}