{"id":29451,"date":"2025-12-09T17:25:00","date_gmt":"2025-12-09T16:25:00","guid":{"rendered":"https:\/\/archiwum.radiopodlasie.pl\/NEW\/?p=29451"},"modified":"2025-12-12T18:28:16","modified_gmt":"2025-12-12T17:28:16","slug":"szkola-relacji-z-bogiem","status":"publish","type":"post","link":"http:\/\/archiwum.radiopodlasie.pl\/NEW\/2025\/12\/09\/szkola-relacji-z-bogiem\/","title":{"rendered":"\u201eSzko\u0142a Relacji z Bogiem\u201d"},"content":{"rendered":"<p>Tytu\u0142<strong>: \u201eSzko\u0142a Relacji z Bogiem\u201d<\/strong><\/p>\n<p>Autor: Agnieszka Bolewska-Iwaniuk<\/p>\n<p>Nazwa audycji: <strong><span style=\"color: #339966;\">Wywiady<\/span><\/strong><br \/>Data emisji: 09-12-2025<\/p>\n<p>\u201eSzko\u0142a Relacji z Bogiem\u201d to wsp\u00f3lna inicjatywa si\u00f3str Karmelitanek Dzieci\u0105tka Jezus z Siemiatycz oraz Si\u00f3str Urszulanek z Gandino z Nurca-Stacji. Formacyjne spotkania dedykowane dziewcz\u0119tom i m\u0142odym kobietom, odbywaj\u0105 si\u0119 naprzemiennie w obu wsp\u00f3lnotach.<br \/>Sesja, kt\u00f3ra odby\u0142a si\u0119 w siemiatyckim Karmelu w dniach 5-7 grudnia 2025r. mia\u0142a charakter adwentowych rekolekcji. Wzi\u0119\u0142y w niej udzia\u0142 dziewcz\u0119ta z r\u00f3\u017cnych stron Polski, korzystaj\u0105c z mo\u017cliwo\u015bci modlitwy, konferencji i rozm\u00f3w duchowych. By\u0142 to czas zar\u00f3wno skupienia, jak i wsp\u00f3lnoty, pe\u0142en ciszy, ale te\u017c \u017cyczliwych spotka\u0144.<br \/>Z uczestnikami i organizatorami spotka\u0144 w ramach \u201eSzko\u0142y Relacji z Bogiem\u201d rozmawia\u0142a Agnieszka Bolewska-Iwaniuk.<\/p>\n\n\n<figure class=\"wp-block-image size-large\"><img loading=\"lazy\" decoding=\"async\" width=\"1024\" height=\"683\" src=\"https:\/\/archiwum.radiopodlasie.pl\/NEW\/wp-content\/uploads\/2025\/12\/abol_09_szkola-relacji-z-bogiem-28-1024x683.jpg\" alt=\"\" class=\"wp-image-29453\" srcset=\"http:\/\/archiwum.radiopodlasie.pl\/NEW\/wp-content\/uploads\/2025\/12\/abol_09_szkola-relacji-z-bogiem-28-1024x683.jpg 1024w, http:\/\/archiwum.radiopodlasie.pl\/NEW\/wp-content\/uploads\/2025\/12\/abol_09_szkola-relacji-z-bogiem-28-300x200.jpg 300w, http:\/\/archiwum.radiopodlasie.pl\/NEW\/wp-content\/uploads\/2025\/12\/abol_09_szkola-relacji-z-bogiem-28-768x512.jpg 768w, http:\/\/archiwum.radiopodlasie.pl\/NEW\/wp-content\/uploads\/2025\/12\/abol_09_szkola-relacji-z-bogiem-28.jpg 1200w\" sizes=\"auto, (max-width: 1024px) 100vw, 1024px\" \/><\/figure>\n\n\n\n<figure class=\"wp-block-audio\"><audio controls src=\"https:\/\/dzwieki.radiopodlasie.pl:8789\/uploads\/2025\/12\/251209_abol_09_wkarmelu.mp3\"><\/audio><\/figure>\n\n\n\n<p><\/p>\n","protected":false},"excerpt":{"rendered":"<p>Tytu\u0142: \u201eSzko\u0142a Relacji z Bogiem\u201d Autor: Agnieszka Bolewska-Iwaniuk Nazwa audycji: WywiadyData emisji: 09-12-2025 \u201eSzko\u0142a Relacji z Bogiem\u201d to wsp\u00f3lna inicjatywa si\u00f3str Karmelitanek Dzieci\u0105tka Jezus z Siemiatycz oraz Si\u00f3str Urszulanek z Gandino z Nurca-Stacji. Formacyjne&#46;&#46;&#46;<\/p>\n","protected":false},"author":123459,"featured_media":6100,"comment_status":"open","ping_status":"open","sticky":false,"template":"","format":"standard","meta":{"om_disable_all_campaigns":false,"_monsterinsights_skip_tracking":false,"_monsterinsights_sitenote_active":false,"_monsterinsights_sitenote_note":"","_monsterinsights_sitenote_category":0,"footnotes":""},"categories":[360,320],"tags":[201,4469,4470],"class_list":["post-29451","post","type-post","status-publish","format-standard","has-post-thumbnail","hentry","category-agnieszka-bolewska-iwaniuk","category-wywiady","tag-agnieszka-bolewska-iwaniuk","tag-siostry-karmelitanki","tag-siostry-urszulanki"],"aioseo_notices":[],"_links":{"self":[{"href":"http:\/\/archiwum.radiopodlasie.pl\/NEW\/wp-json\/wp\/v2\/posts\/29451","targetHints":{"allow":["GET"]}}],"collection":[{"href":"http:\/\/archiwum.radiopodlasie.pl\/NEW\/wp-json\/wp\/v2\/posts"}],"about":[{"href":"http:\/\/archiwum.radiopodlasie.pl\/NEW\/wp-json\/wp\/v2\/types\/post"}],"author":[{"embeddable":true,"href":"http:\/\/archiwum.radiopodlasie.pl\/NEW\/wp-json\/wp\/v2\/users\/123459"}],"replies":[{"embeddable":true,"href":"http:\/\/archiwum.radiopodlasie.pl\/NEW\/wp-json\/wp\/v2\/comments?post=29451"}],"version-history":[{"count":2,"href":"http:\/\/archiwum.radiopodlasie.pl\/NEW\/wp-json\/wp\/v2\/posts\/29451\/revisions"}],"predecessor-version":[{"id":29454,"href":"http:\/\/archiwum.radiopodlasie.pl\/NEW\/wp-json\/wp\/v2\/posts\/29451\/revisions\/29454"}],"wp:featuredmedia":[{"embeddable":true,"href":"http:\/\/archiwum.radiopodlasie.pl\/NEW\/wp-json\/wp\/v2\/media\/6100"}],"wp:attachment":[{"href":"http:\/\/archiwum.radiopodlasie.pl\/NEW\/wp-json\/wp\/v2\/media?parent=29451"}],"wp:term":[{"taxonomy":"category","embeddable":true,"href":"http:\/\/archiwum.radiopodlasie.pl\/NEW\/wp-json\/wp\/v2\/categories?post=29451"},{"taxonomy":"post_tag","embeddable":true,"href":"http:\/\/archiwum.radiopodlasie.pl\/NEW\/wp-json\/wp\/v2\/tags?post=29451"}],"curies":[{"name":"wp","href":"https:\/\/api.w.org\/{rel}","templated":true}]}}