{"id":29889,"date":"2026-01-26T20:13:00","date_gmt":"2026-01-26T19:13:00","guid":{"rendered":"https:\/\/archiwum.radiopodlasie.pl\/NEW\/?p=29889"},"modified":"2026-01-30T15:19:49","modified_gmt":"2026-01-30T14:19:49","slug":"konferencja-o-radoslawa-bobonia-z-zakonu-pijarow","status":"publish","type":"post","link":"http:\/\/archiwum.radiopodlasie.pl\/NEW\/2026\/01\/26\/konferencja-o-radoslawa-bobonia-z-zakonu-pijarow\/","title":{"rendered":"Konferencja o. Rados\u0142awa Bobonia z zakonu pijar\u00f3w"},"content":{"rendered":"<p>Tytu\u0142: <strong>Konferencja o. Rados\u0142awa Bobonia z zakonu pijar\u00f3w<\/strong><\/p>\n<p>Autor: ks. Rados\u0142aw Piotrowski<\/p>\n<p>Nazwa audycji: Drogami m\u0142odo\u015bci<br \/>Data emisji: 26-01-2026<\/p>\n<div dir=\"auto\">W dzisiejszej audycji Drogami m\u0142odo\u015bci konferencja o. Rados\u0142awa Bobonia z zakonu pijar\u00f3w, kt\u00f3ry by\u0142 go\u015bciem ostatniego Nocnego Czuwania M\u0142odych. Pochodzi z \u0141ukowa, a obecnie mieszka w Krakowie. Tam towarzyszy m\u0142odym ludziom w rozwijaniu ich \u017cycia duchowego i rozeznawaniu powo\u0142ania. Jest te\u017c duszpasterzem ZHR i Skaut\u00f3w Europy. Na audycj\u0119 zapraszaj\u0105 ks. Rados\u0142aw Piotrowski oraz m\u0142odzie\u017c z <a href=\"https:\/\/www.facebook.com\/cdmsiedlce\">Centrum Duszpasterstwa M\u0142odzie\u017cy Diecezji Siedleckiej<\/a>.<\/div>\n\n\n<figure class=\"wp-block-image size-large\"><img loading=\"lazy\" decoding=\"async\" width=\"1024\" height=\"887\" src=\"http:\/\/archiwum.radiopodlasie.pl\/NEW\/wp-content\/uploads\/2025\/11\/piotrowski_crop-1024x887.jpg\" alt=\"\" class=\"wp-image-28956\" srcset=\"http:\/\/archiwum.radiopodlasie.pl\/NEW\/wp-content\/uploads\/2025\/11\/piotrowski_crop-1024x887.jpg 1024w, http:\/\/archiwum.radiopodlasie.pl\/NEW\/wp-content\/uploads\/2025\/11\/piotrowski_crop-300x260.jpg 300w, http:\/\/archiwum.radiopodlasie.pl\/NEW\/wp-content\/uploads\/2025\/11\/piotrowski_crop-768x666.jpg 768w, http:\/\/archiwum.radiopodlasie.pl\/NEW\/wp-content\/uploads\/2025\/11\/piotrowski_crop.jpg 1080w\" sizes=\"auto, (max-width: 1024px) 100vw, 1024px\" \/><\/figure>\n\n\n\n<figure class=\"wp-block-audio\"><audio controls src=\"https:\/\/dzwieki.radiopodlasie.pl:8789\/uploads\/2026\/01\/260126_drogami.mp3\"><\/audio><\/figure>\n","protected":false},"excerpt":{"rendered":"<p>Tytu\u0142: Konferencja o. Rados\u0142awa Bobonia z zakonu pijar\u00f3w Autor: ks. Rados\u0142aw Piotrowski Nazwa audycji: Drogami m\u0142odo\u015bciData emisji: 26-01-2026 W dzisiejszej audycji Drogami m\u0142odo\u015bci konferencja o. Rados\u0142awa Bobonia z zakonu pijar\u00f3w, kt\u00f3ry by\u0142 go\u015bciem ostatniego&#46;&#46;&#46;<\/p>\n","protected":false},"author":123459,"featured_media":28955,"comment_status":"open","ping_status":"open","sticky":false,"template":"","format":"standard","meta":{"om_disable_all_campaigns":false,"_monsterinsights_skip_tracking":false,"_monsterinsights_sitenote_active":false,"_monsterinsights_sitenote_note":"","_monsterinsights_sitenote_category":0,"footnotes":""},"categories":[328],"tags":[47,4515,3042],"class_list":["post-29889","post","type-post","status-publish","format-standard","has-post-thumbnail","hentry","category-drogami-mlodosci","tag-drogami-mlodosci","tag-ks-radoslaw-bobon","tag-ks-radoslaw-piotrowski-2"],"aioseo_notices":[],"_links":{"self":[{"href":"http:\/\/archiwum.radiopodlasie.pl\/NEW\/wp-json\/wp\/v2\/posts\/29889","targetHints":{"allow":["GET"]}}],"collection":[{"href":"http:\/\/archiwum.radiopodlasie.pl\/NEW\/wp-json\/wp\/v2\/posts"}],"about":[{"href":"http:\/\/archiwum.radiopodlasie.pl\/NEW\/wp-json\/wp\/v2\/types\/post"}],"author":[{"embeddable":true,"href":"http:\/\/archiwum.radiopodlasie.pl\/NEW\/wp-json\/wp\/v2\/users\/123459"}],"replies":[{"embeddable":true,"href":"http:\/\/archiwum.radiopodlasie.pl\/NEW\/wp-json\/wp\/v2\/comments?post=29889"}],"version-history":[{"count":2,"href":"http:\/\/archiwum.radiopodlasie.pl\/NEW\/wp-json\/wp\/v2\/posts\/29889\/revisions"}],"predecessor-version":[{"id":29891,"href":"http:\/\/archiwum.radiopodlasie.pl\/NEW\/wp-json\/wp\/v2\/posts\/29889\/revisions\/29891"}],"wp:featuredmedia":[{"embeddable":true,"href":"http:\/\/archiwum.radiopodlasie.pl\/NEW\/wp-json\/wp\/v2\/media\/28955"}],"wp:attachment":[{"href":"http:\/\/archiwum.radiopodlasie.pl\/NEW\/wp-json\/wp\/v2\/media?parent=29889"}],"wp:term":[{"taxonomy":"category","embeddable":true,"href":"http:\/\/archiwum.radiopodlasie.pl\/NEW\/wp-json\/wp\/v2\/categories?post=29889"},{"taxonomy":"post_tag","embeddable":true,"href":"http:\/\/archiwum.radiopodlasie.pl\/NEW\/wp-json\/wp\/v2\/tags?post=29889"}],"curies":[{"name":"wp","href":"https:\/\/api.w.org\/{rel}","templated":true}]}}