{"id":29895,"date":"2026-01-29T17:30:00","date_gmt":"2026-01-29T16:30:00","guid":{"rendered":"https:\/\/archiwum.radiopodlasie.pl\/NEW\/?p=29895"},"modified":"2026-01-30T15:30:37","modified_gmt":"2026-01-30T14:30:37","slug":"ferie-zima-w-miescie-nie-musza-byc-nudne-zimowa-akademia-talentow","status":"publish","type":"post","link":"http:\/\/archiwum.radiopodlasie.pl\/NEW\/2026\/01\/29\/ferie-zima-w-miescie-nie-musza-byc-nudne-zimowa-akademia-talentow\/","title":{"rendered":"Ferie zim\u0105 w mie\u015bcie nie musz\u0105 by\u0107 nudne &#8211; Zimowa Akademia Talent\u00f3w"},"content":{"rendered":"<p>Tytu\u0142: <strong>Ferie zim\u0105 w mie\u015bcie nie musz\u0105 by\u0107 nudne &#8211; Zimowa Akademia Talent\u00f3w<\/strong><\/p>\n<p>Autor: Katarzyna Chaci\u0144ska<\/p>\n<p>Nazwa audycji: <strong><span style=\"color: #339966;\">Wywiady<\/span><\/strong><br \/>Data emisji: 29-01-2026<\/p>\n<p>Ferie zim\u0105 w mie\u015bcie nie musz\u0105 by\u0107 wcale nudne. W Siedlcach, w ramach przerwy zimowej, w o\u015brodkach kultury trwaj\u0105 bezp\u0142atne zaj\u0119cia dla dzieci i m\u0142odzie\u017cy z r\u00f3\u017cnych dziedzin artystycznych.<\/p>\n<p>W Centrum Kultury i Sztuki w Siedlcach przez dwa tygodnie odbywa si\u0119 kolejna edycja \u201eZimowej Akademii Talent\u00f3w\u201d. W tym roku dzieci i m\u0142odzie\u017c mog\u0105 skorzysta\u0107 m.in. z bezp\u0142atnych zaj\u0119\u0107 teatralnych, tanecznych, muzycznych, teatralno-wokalnych, a tak\u017ce plastycznych.<\/p>\n<p>Katarzyna Chaci\u0144ska rozmawia\u0142a z uczestnikami zaj\u0119\u0107 umuzykalniaj\u0105cych prowadzonych przez Mariusza Dmowskiego dedykowanych dzieciom od 7 do 12 lat.<\/p>\n\n\n<figure class=\"wp-block-audio\"><audio controls src=\"https:\/\/dzwieki.radiopodlasie.pl:8789\/uploads\/2026\/01\/260129_kch_29_dzieciferie_siedlce.mp3\"><\/audio><\/figure>\n\n\n\n<p>Zaj\u0119cia muzyczne dla dzieci to nie tylko dobra zabawa. To tak\u017ce rozw\u00f3j kompetencji spo\u0142ecznych dzieci. Dziecko uczy si\u0119 pracy w grupie i nawi\u0105zuje relacje z r\u00f3wie\u015bnikami. Muzyka i nauka gry na instrumentach aktywizuje obie p\u00f3\u0142kule m\u00f3zgu, co przyczynia si\u0119 do poprawy pami\u0119ci i zdolno\u015bci uczenia. Dodatkowo kontakt z muzyk\u0105 odpr\u0119\u017ca i redukuje stres.<\/p>\n","protected":false},"excerpt":{"rendered":"<p>Tytu\u0142: Ferie zim\u0105 w mie\u015bcie nie musz\u0105 by\u0107 nudne &#8211; Zimowa Akademia Talent\u00f3w Autor: Katarzyna Chaci\u0144ska Nazwa audycji: WywiadyData emisji: 29-01-2026 Ferie zim\u0105 w mie\u015bcie nie musz\u0105 by\u0107 wcale nudne. W Siedlcach, w ramach&#46;&#46;&#46;<\/p>\n","protected":false},"author":123459,"featured_media":5184,"comment_status":"open","ping_status":"open","sticky":false,"template":"","format":"standard","meta":{"om_disable_all_campaigns":false,"_monsterinsights_skip_tracking":false,"_monsterinsights_sitenote_active":false,"_monsterinsights_sitenote_note":"","_monsterinsights_sitenote_category":0,"footnotes":""},"categories":[3528,320],"tags":[1282,4508,3712,4516],"class_list":["post-29895","post","type-post","status-publish","format-standard","has-post-thumbnail","hentry","category-katarzyna-chacinska","category-wywiady","tag-ckis-siedlce","tag-ferie","tag-katarzyna-chacinska","tag-mariusz-dmowski"],"aioseo_notices":[],"_links":{"self":[{"href":"http:\/\/archiwum.radiopodlasie.pl\/NEW\/wp-json\/wp\/v2\/posts\/29895","targetHints":{"allow":["GET"]}}],"collection":[{"href":"http:\/\/archiwum.radiopodlasie.pl\/NEW\/wp-json\/wp\/v2\/posts"}],"about":[{"href":"http:\/\/archiwum.radiopodlasie.pl\/NEW\/wp-json\/wp\/v2\/types\/post"}],"author":[{"embeddable":true,"href":"http:\/\/archiwum.radiopodlasie.pl\/NEW\/wp-json\/wp\/v2\/users\/123459"}],"replies":[{"embeddable":true,"href":"http:\/\/archiwum.radiopodlasie.pl\/NEW\/wp-json\/wp\/v2\/comments?post=29895"}],"version-history":[{"count":2,"href":"http:\/\/archiwum.radiopodlasie.pl\/NEW\/wp-json\/wp\/v2\/posts\/29895\/revisions"}],"predecessor-version":[{"id":29897,"href":"http:\/\/archiwum.radiopodlasie.pl\/NEW\/wp-json\/wp\/v2\/posts\/29895\/revisions\/29897"}],"wp:featuredmedia":[{"embeddable":true,"href":"http:\/\/archiwum.radiopodlasie.pl\/NEW\/wp-json\/wp\/v2\/media\/5184"}],"wp:attachment":[{"href":"http:\/\/archiwum.radiopodlasie.pl\/NEW\/wp-json\/wp\/v2\/media?parent=29895"}],"wp:term":[{"taxonomy":"category","embeddable":true,"href":"http:\/\/archiwum.radiopodlasie.pl\/NEW\/wp-json\/wp\/v2\/categories?post=29895"},{"taxonomy":"post_tag","embeddable":true,"href":"http:\/\/archiwum.radiopodlasie.pl\/NEW\/wp-json\/wp\/v2\/tags?post=29895"}],"curies":[{"name":"wp","href":"https:\/\/api.w.org\/{rel}","templated":true}]}}