{"id":29898,"date":"2026-01-29T17:40:00","date_gmt":"2026-01-29T16:40:00","guid":{"rendered":"https:\/\/archiwum.radiopodlasie.pl\/NEW\/?p=29898"},"modified":"2026-01-30T15:40:28","modified_gmt":"2026-01-30T14:40:28","slug":"czas-studniowek-rozmowa-z-uczniami-lo-im-ken-w-siemiatyczach-ich-rodzicami-i-nauczycielami","status":"publish","type":"post","link":"http:\/\/archiwum.radiopodlasie.pl\/NEW\/2026\/01\/29\/czas-studniowek-rozmowa-z-uczniami-lo-im-ken-w-siemiatyczach-ich-rodzicami-i-nauczycielami\/","title":{"rendered":"Czas studni\u00f3wek \u2013 rozmowa z uczniami LO im. KEN w Siemiatyczach, ich rodzicami i nauczycielami"},"content":{"rendered":"<p>Tytu\u0142<strong>: Czas studni\u00f3wek \u2013 rozmowa z uczniami LO im. KEN w Siemiatyczach, ich rodzicami i nauczycielami<\/strong><\/p>\n<p>Autor: Agnieszka Bolewska-Iwaniuk<\/p>\n<p>Nazwa audycji: <strong><span style=\"color: #339966;\">Wywiady<\/span><\/strong><br \/>Data emisji: 29-01-2026<\/p>\n<p>Trwa czas studni\u00f3wek \u2013 zosta\u0142o symboliczne sto dni do matury, a emocje si\u0119gaj\u0105 zenitu. To ju\u017c ostatnie przygotowania \u2013 wybieranie kreacji, pr\u00f3by poloneza, dopinanie szczeg\u00f3\u0142\u00f3w i walka z przedstudni\u00f3wkowym stresem. W dzisiejszej audycji zajrzymy za kulisy tego wyj\u0105tkowego balu \u2013 sprawdzimy, co jeszcze sp\u0119dza sen z powiek maturzystom, jak wygl\u0105daj\u0105 finalne odliczania i dlaczego ten wiecz\u00f3r na d\u0142ugo zostaje w pami\u0119ci. Z uczniami Liceum Og\u00f3lnokszta\u0142c\u0105cego im. KEN w Siemiatyczach, ich rodzicami i nauczycielami, rozmawia\u0142a Agnieszka Bolewska-Iwaniuk.<\/p>\n\n\n<figure class=\"wp-block-image size-large\"><img loading=\"lazy\" decoding=\"async\" width=\"1024\" height=\"766\" src=\"http:\/\/archiwum.radiopodlasie.pl\/NEW\/wp-content\/uploads\/2026\/01\/studniowka_przygotowania-1024x766.jpg\" alt=\"\" class=\"wp-image-29900\" srcset=\"http:\/\/archiwum.radiopodlasie.pl\/NEW\/wp-content\/uploads\/2026\/01\/studniowka_przygotowania-1024x766.jpg 1024w, http:\/\/archiwum.radiopodlasie.pl\/NEW\/wp-content\/uploads\/2026\/01\/studniowka_przygotowania-300x224.jpg 300w, http:\/\/archiwum.radiopodlasie.pl\/NEW\/wp-content\/uploads\/2026\/01\/studniowka_przygotowania-768x575.jpg 768w, http:\/\/archiwum.radiopodlasie.pl\/NEW\/wp-content\/uploads\/2026\/01\/studniowka_przygotowania-1536x1149.jpg 1536w, http:\/\/archiwum.radiopodlasie.pl\/NEW\/wp-content\/uploads\/2026\/01\/studniowka_przygotowania.jpg 2048w\" sizes=\"auto, (max-width: 1024px) 100vw, 1024px\" \/><\/figure>\n\n\n\n<figure class=\"wp-block-audio\"><audio controls src=\"https:\/\/dzwieki.radiopodlasie.pl:8789\/uploads\/2026\/01\/260129_abol_29_studniowka.mp3\"><\/audio><\/figure>\n\n\n\n<p><\/p>\n","protected":false},"excerpt":{"rendered":"<p>Tytu\u0142: Czas studni\u00f3wek \u2013 rozmowa z uczniami LO im. KEN w Siemiatyczach, ich rodzicami i nauczycielami Autor: Agnieszka Bolewska-Iwaniuk Nazwa audycji: WywiadyData emisji: 29-01-2026 Trwa czas studni\u00f3wek \u2013 zosta\u0142o symboliczne sto dni do matury,&#46;&#46;&#46;<\/p>\n","protected":false},"author":123459,"featured_media":6100,"comment_status":"open","ping_status":"open","sticky":false,"template":"","format":"standard","meta":{"om_disable_all_campaigns":false,"_monsterinsights_skip_tracking":false,"_monsterinsights_sitenote_active":false,"_monsterinsights_sitenote_note":"","_monsterinsights_sitenote_category":0,"footnotes":""},"categories":[360,320],"tags":[201,4517,2448],"class_list":["post-29898","post","type-post","status-publish","format-standard","has-post-thumbnail","hentry","category-agnieszka-bolewska-iwaniuk","category-wywiady","tag-agnieszka-bolewska-iwaniuk","tag-liceum-siemiatycze","tag-studniowka"],"aioseo_notices":[],"_links":{"self":[{"href":"http:\/\/archiwum.radiopodlasie.pl\/NEW\/wp-json\/wp\/v2\/posts\/29898","targetHints":{"allow":["GET"]}}],"collection":[{"href":"http:\/\/archiwum.radiopodlasie.pl\/NEW\/wp-json\/wp\/v2\/posts"}],"about":[{"href":"http:\/\/archiwum.radiopodlasie.pl\/NEW\/wp-json\/wp\/v2\/types\/post"}],"author":[{"embeddable":true,"href":"http:\/\/archiwum.radiopodlasie.pl\/NEW\/wp-json\/wp\/v2\/users\/123459"}],"replies":[{"embeddable":true,"href":"http:\/\/archiwum.radiopodlasie.pl\/NEW\/wp-json\/wp\/v2\/comments?post=29898"}],"version-history":[{"count":2,"href":"http:\/\/archiwum.radiopodlasie.pl\/NEW\/wp-json\/wp\/v2\/posts\/29898\/revisions"}],"predecessor-version":[{"id":29901,"href":"http:\/\/archiwum.radiopodlasie.pl\/NEW\/wp-json\/wp\/v2\/posts\/29898\/revisions\/29901"}],"wp:featuredmedia":[{"embeddable":true,"href":"http:\/\/archiwum.radiopodlasie.pl\/NEW\/wp-json\/wp\/v2\/media\/6100"}],"wp:attachment":[{"href":"http:\/\/archiwum.radiopodlasie.pl\/NEW\/wp-json\/wp\/v2\/media?parent=29898"}],"wp:term":[{"taxonomy":"category","embeddable":true,"href":"http:\/\/archiwum.radiopodlasie.pl\/NEW\/wp-json\/wp\/v2\/categories?post=29898"},{"taxonomy":"post_tag","embeddable":true,"href":"http:\/\/archiwum.radiopodlasie.pl\/NEW\/wp-json\/wp\/v2\/tags?post=29898"}],"curies":[{"name":"wp","href":"https:\/\/api.w.org\/{rel}","templated":true}]}}