{"id":29902,"date":"2026-01-28T17:47:00","date_gmt":"2026-01-28T16:47:00","guid":{"rendered":"https:\/\/archiwum.radiopodlasie.pl\/NEW\/?p=29902"},"modified":"2026-01-30T15:47:49","modified_gmt":"2026-01-30T14:47:49","slug":"centrum-opiekunczo-mieszkalne-w-perlejewie","status":"publish","type":"post","link":"http:\/\/archiwum.radiopodlasie.pl\/NEW\/2026\/01\/28\/centrum-opiekunczo-mieszkalne-w-perlejewie\/","title":{"rendered":"Centrum Opieku\u0144czo-Mieszkalne w Perlejewie"},"content":{"rendered":"<p>Tytu\u0142<strong>: Centrum Opieku\u0144czo-Mieszkalne w Perlejewie<\/strong><\/p>\n<p>Autor: Agnieszka Bolewska-Iwaniuk<\/p>\n<p>Nazwa audycji: <strong><span style=\"color: #339966;\">Wywiady<\/span><\/strong><br \/>Data emisji: 28-01-2026<\/p>\n<p>W Perlejewie w powiecie siemiatyckim, dzia\u0142a Centrum Opieku\u0144czo-Mieszkalne \u2013 szczeg\u00f3lne miejsce, stworzone z my\u015bl\u0105 o osobach wymagaj\u0105cych wsparcia w codziennym funkcjonowaniu. Plac\u00f3wk\u0119 prowadzi gmina Perlejewo, zapewniaj\u0105c jej uczestnikom nie tylko opiek\u0119, ale tak\u017ce poczucie bezpiecze\u0144stwa, stabilno\u015bci i wsp\u00f3lnoty.<br \/>To w\u0142a\u015bnie ludziom tworz\u0105cym to miejsce, po\u015bwi\u0119cona jest audycja, w kt\u00f3rej poka\u017cemy, jak wygl\u0105da \u017cycie w COM, jakie potrzeby maj\u0105 jego podopieczni i jak wa\u017cn\u0105 rol\u0119 pe\u0142ni ta plac\u00f3wka w lokalnej spo\u0142eczno\u015bci.<br \/>Audycj\u0119 o Centrum Opieku\u0144czo-Mieszkalnym w Perlejewie przygotowa\u0142a Agnieszka Bolewska-Iwaniuk.<\/p>\n\n\n<figure class=\"wp-block-image size-large\"><img loading=\"lazy\" decoding=\"async\" width=\"1024\" height=\"766\" src=\"http:\/\/archiwum.radiopodlasie.pl\/NEW\/wp-content\/uploads\/2026\/01\/com_perlejewo-1024x766.jpg\" alt=\"\" class=\"wp-image-29904\" srcset=\"http:\/\/archiwum.radiopodlasie.pl\/NEW\/wp-content\/uploads\/2026\/01\/com_perlejewo-1024x766.jpg 1024w, http:\/\/archiwum.radiopodlasie.pl\/NEW\/wp-content\/uploads\/2026\/01\/com_perlejewo-300x224.jpg 300w, http:\/\/archiwum.radiopodlasie.pl\/NEW\/wp-content\/uploads\/2026\/01\/com_perlejewo-768x575.jpg 768w, http:\/\/archiwum.radiopodlasie.pl\/NEW\/wp-content\/uploads\/2026\/01\/com_perlejewo-1536x1149.jpg 1536w, http:\/\/archiwum.radiopodlasie.pl\/NEW\/wp-content\/uploads\/2026\/01\/com_perlejewo.jpg 2048w\" sizes=\"auto, (max-width: 1024px) 100vw, 1024px\" \/><\/figure>\n\n\n\n<figure class=\"wp-block-audio\"><audio controls src=\"https:\/\/dzwieki.radiopodlasie.pl:8789\/uploads\/2026\/01\/260128_abol_28_com.mp3\"><\/audio><\/figure>\n\n\n\n<p><\/p>\n","protected":false},"excerpt":{"rendered":"<p>Tytu\u0142: Centrum Opieku\u0144czo-Mieszkalne w Perlejewie Autor: Agnieszka Bolewska-Iwaniuk Nazwa audycji: WywiadyData emisji: 28-01-2026 W Perlejewie w powiecie siemiatyckim, dzia\u0142a Centrum Opieku\u0144czo-Mieszkalne \u2013 szczeg\u00f3lne miejsce, stworzone z my\u015bl\u0105 o osobach wymagaj\u0105cych wsparcia w codziennym funkcjonowaniu.&#46;&#46;&#46;<\/p>\n","protected":false},"author":123459,"featured_media":6100,"comment_status":"open","ping_status":"open","sticky":false,"template":"","format":"standard","meta":{"om_disable_all_campaigns":false,"_monsterinsights_skip_tracking":false,"_monsterinsights_sitenote_active":false,"_monsterinsights_sitenote_note":"","_monsterinsights_sitenote_category":0,"footnotes":""},"categories":[360,320],"tags":[201,4518,2107],"class_list":["post-29902","post","type-post","status-publish","format-standard","has-post-thumbnail","hentry","category-agnieszka-bolewska-iwaniuk","category-wywiady","tag-agnieszka-bolewska-iwaniuk","tag-centrum-opiekunczo-mieszkalne","tag-perlejewo"],"aioseo_notices":[],"_links":{"self":[{"href":"http:\/\/archiwum.radiopodlasie.pl\/NEW\/wp-json\/wp\/v2\/posts\/29902","targetHints":{"allow":["GET"]}}],"collection":[{"href":"http:\/\/archiwum.radiopodlasie.pl\/NEW\/wp-json\/wp\/v2\/posts"}],"about":[{"href":"http:\/\/archiwum.radiopodlasie.pl\/NEW\/wp-json\/wp\/v2\/types\/post"}],"author":[{"embeddable":true,"href":"http:\/\/archiwum.radiopodlasie.pl\/NEW\/wp-json\/wp\/v2\/users\/123459"}],"replies":[{"embeddable":true,"href":"http:\/\/archiwum.radiopodlasie.pl\/NEW\/wp-json\/wp\/v2\/comments?post=29902"}],"version-history":[{"count":2,"href":"http:\/\/archiwum.radiopodlasie.pl\/NEW\/wp-json\/wp\/v2\/posts\/29902\/revisions"}],"predecessor-version":[{"id":29905,"href":"http:\/\/archiwum.radiopodlasie.pl\/NEW\/wp-json\/wp\/v2\/posts\/29902\/revisions\/29905"}],"wp:featuredmedia":[{"embeddable":true,"href":"http:\/\/archiwum.radiopodlasie.pl\/NEW\/wp-json\/wp\/v2\/media\/6100"}],"wp:attachment":[{"href":"http:\/\/archiwum.radiopodlasie.pl\/NEW\/wp-json\/wp\/v2\/media?parent=29902"}],"wp:term":[{"taxonomy":"category","embeddable":true,"href":"http:\/\/archiwum.radiopodlasie.pl\/NEW\/wp-json\/wp\/v2\/categories?post=29902"},{"taxonomy":"post_tag","embeddable":true,"href":"http:\/\/archiwum.radiopodlasie.pl\/NEW\/wp-json\/wp\/v2\/tags?post=29902"}],"curies":[{"name":"wp","href":"https:\/\/api.w.org\/{rel}","templated":true}]}}