{"id":29906,"date":"2026-01-26T16:53:00","date_gmt":"2026-01-26T15:53:00","guid":{"rendered":"https:\/\/archiwum.radiopodlasie.pl\/NEW\/?p=29906"},"modified":"2026-01-30T15:54:20","modified_gmt":"2026-01-30T14:54:20","slug":"motocyklisci-ze-stowarzyszenia-kocham-polske-w-ramach-inicjatywy-moto-mikolaj-dotarli-na-lotwe","status":"publish","type":"post","link":"http:\/\/archiwum.radiopodlasie.pl\/NEW\/2026\/01\/26\/motocyklisci-ze-stowarzyszenia-kocham-polske-w-ramach-inicjatywy-moto-mikolaj-dotarli-na-lotwe\/","title":{"rendered":"Motocykli\u015bci ze Stowarzyszenia Kocham Polsk\u0119 w ramach inicjatywy Moto Miko\u0142aj dotarli na \u0141otw\u0119"},"content":{"rendered":"<p>Tytu\u0142<strong>: Motocykli\u015bci ze Stowarzyszenia Kocham Polsk\u0119 w ramach inicjatywy Moto Miko\u0142aj dotarli na \u0141otw\u0119<\/strong><\/p>\n<p>Autor: Agnieszka Bolewska-Iwaniuk<\/p>\n<p>Nazwa audycji: <strong><span style=\"color: #339966;\">Wywiady<\/span><\/strong><br \/>Data emisji: 26-01-2026<\/p>\n<p>Motocykli\u015bci ze Stowarzyszenia Kocham Polsk\u0119 w ramach inicjatywy Moto Miko\u0142aj dotarli na \u0141otw\u0119 z darami dla mieszkaj\u0105cych tam Polak\u00f3w. Tym razem w drog\u0119 wyruszyli nie motocyklami a samochodami, a to zar\u00f3wno ze wzgl\u0119du na por\u0119 roku i jak i na przewo\u017cone dary. W drodze na \u0141otw\u0119 motocykli\u015bci zatrzymali si\u0119 w Drohiczynie, gdzie znajduje si\u0119 siedziba Stowarzyszenia Kocham Polsk\u0119. Przy tej okazji z grup\u0105 jad\u0105c\u0105 na Kresy rozmawia\u0142a Agnieszka Bolewska-Iwaniuk.<\/p>\n\n\n<figure class=\"wp-block-image size-full\"><img loading=\"lazy\" decoding=\"async\" width=\"960\" height=\"720\" src=\"http:\/\/archiwum.radiopodlasie.pl\/NEW\/wp-content\/uploads\/2026\/01\/motomikolaj.jpg\" alt=\"\" class=\"wp-image-29908\" srcset=\"http:\/\/archiwum.radiopodlasie.pl\/NEW\/wp-content\/uploads\/2026\/01\/motomikolaj.jpg 960w, http:\/\/archiwum.radiopodlasie.pl\/NEW\/wp-content\/uploads\/2026\/01\/motomikolaj-300x225.jpg 300w, http:\/\/archiwum.radiopodlasie.pl\/NEW\/wp-content\/uploads\/2026\/01\/motomikolaj-768x576.jpg 768w\" sizes=\"auto, (max-width: 960px) 100vw, 960px\" \/><\/figure>\n\n\n\n<figure class=\"wp-block-audio\"><audio controls src=\"https:\/\/dzwieki.radiopodlasie.pl:8789\/uploads\/2026\/01\/260126_abol_26_motomikolaj.mp3\"><\/audio><\/figure>\n\n\n\n<p>Agnieszka Bolewska-Iwaniuk rozmawia\u0142a z motocyklistami, gdy ruszali z Polski na \u0141otw\u0119. Mo\u017cemy powiedzie\u0107 \u017ce zrealizowali sw\u00f3j plan. Dotarli do Dyneburga i obdarowali uczni\u00f3w tamtejszej polskiej szko\u0142y.<\/p>\n","protected":false},"excerpt":{"rendered":"<p>Tytu\u0142: Motocykli\u015bci ze Stowarzyszenia Kocham Polsk\u0119 w ramach inicjatywy Moto Miko\u0142aj dotarli na \u0141otw\u0119 Autor: Agnieszka Bolewska-Iwaniuk Nazwa audycji: WywiadyData emisji: 26-01-2026 Motocykli\u015bci ze Stowarzyszenia Kocham Polsk\u0119 w ramach inicjatywy Moto Miko\u0142aj dotarli na&#46;&#46;&#46;<\/p>\n","protected":false},"author":123459,"featured_media":6100,"comment_status":"open","ping_status":"open","sticky":false,"template":"","format":"standard","meta":{"om_disable_all_campaigns":false,"_monsterinsights_skip_tracking":false,"_monsterinsights_sitenote_active":false,"_monsterinsights_sitenote_note":"","_monsterinsights_sitenote_category":0,"footnotes":""},"categories":[360,320],"tags":[201,2121,4519],"class_list":["post-29906","post","type-post","status-publish","format-standard","has-post-thumbnail","hentry","category-agnieszka-bolewska-iwaniuk","category-wywiady","tag-agnieszka-bolewska-iwaniuk","tag-motocyklisci","tag-stowarzyszenie-kocham-polske"],"aioseo_notices":[],"_links":{"self":[{"href":"http:\/\/archiwum.radiopodlasie.pl\/NEW\/wp-json\/wp\/v2\/posts\/29906","targetHints":{"allow":["GET"]}}],"collection":[{"href":"http:\/\/archiwum.radiopodlasie.pl\/NEW\/wp-json\/wp\/v2\/posts"}],"about":[{"href":"http:\/\/archiwum.radiopodlasie.pl\/NEW\/wp-json\/wp\/v2\/types\/post"}],"author":[{"embeddable":true,"href":"http:\/\/archiwum.radiopodlasie.pl\/NEW\/wp-json\/wp\/v2\/users\/123459"}],"replies":[{"embeddable":true,"href":"http:\/\/archiwum.radiopodlasie.pl\/NEW\/wp-json\/wp\/v2\/comments?post=29906"}],"version-history":[{"count":2,"href":"http:\/\/archiwum.radiopodlasie.pl\/NEW\/wp-json\/wp\/v2\/posts\/29906\/revisions"}],"predecessor-version":[{"id":29909,"href":"http:\/\/archiwum.radiopodlasie.pl\/NEW\/wp-json\/wp\/v2\/posts\/29906\/revisions\/29909"}],"wp:featuredmedia":[{"embeddable":true,"href":"http:\/\/archiwum.radiopodlasie.pl\/NEW\/wp-json\/wp\/v2\/media\/6100"}],"wp:attachment":[{"href":"http:\/\/archiwum.radiopodlasie.pl\/NEW\/wp-json\/wp\/v2\/media?parent=29906"}],"wp:term":[{"taxonomy":"category","embeddable":true,"href":"http:\/\/archiwum.radiopodlasie.pl\/NEW\/wp-json\/wp\/v2\/categories?post=29906"},{"taxonomy":"post_tag","embeddable":true,"href":"http:\/\/archiwum.radiopodlasie.pl\/NEW\/wp-json\/wp\/v2\/tags?post=29906"}],"curies":[{"name":"wp","href":"https:\/\/api.w.org\/{rel}","templated":true}]}}