{"id":29914,"date":"2026-01-30T16:56:00","date_gmt":"2026-01-30T15:56:00","guid":{"rendered":"https:\/\/archiwum.radiopodlasie.pl\/NEW\/?p=29914"},"modified":"2026-01-30T16:16:41","modified_gmt":"2026-01-30T15:16:41","slug":"jak-przygotowac-samochod-na-silny-mroz-i-podroz-w-zimowej-scenerii","status":"publish","type":"post","link":"http:\/\/archiwum.radiopodlasie.pl\/NEW\/2026\/01\/30\/jak-przygotowac-samochod-na-silny-mroz-i-podroz-w-zimowej-scenerii\/","title":{"rendered":"Jak przygotowa\u0107 samoch\u00f3d na silny mr\u00f3z i podr\u00f3\u017c w zimowej scenerii?"},"content":{"rendered":"<p>Tytu\u0142<strong>: Jak przygotowa\u0107 samoch\u00f3d na silny mr\u00f3z i podr\u00f3\u017c w zimowej scenerii?<\/strong><\/p>\n<p>Autor: Agnieszka Bolewska-Iwaniuk<\/p>\n<p>Nazwa audycji: <strong><span style=\"color: #339966;\">Wywiady<\/span><\/strong><br \/>Data emisji: 30-01-2026<\/p>\n<p>Synoptycy ostrzegaj\u0105 przed kolejn\u0105 fal\u0105 mroz\u00f3w, a niskie temperatury mog\u0105 da\u0107 si\u0119 we znaki zar\u00f3wno kierowcom, jak i ich samochodom. Zima to czas, w kt\u00f3rym nawet kr\u00f3tka podr\u00f3\u017c wymaga odpowiedniego przygotowania. W dzisiejszej audycji podpowiemy, jak przygotowa\u0107 samoch\u00f3d na silny mr\u00f3z i podr\u00f3\u017c w zimowej scenerii, by unikn\u0105\u0107 nieprzyjemnych niespodzianek. <br \/>Praktycznymi wskaz\u00f3wkami dzieli si\u0119 pan Artur Adamiuk z Siemiatycz, od lat zwi\u0105zany z bran\u017c\u0105 motoryzacyjn\u0105. Audycj\u0119 przygotowa\u0142a Agnieszka Bolewska-Iwaniuk.<\/p>\n\n\n<figure class=\"wp-block-image size-large\"><img loading=\"lazy\" decoding=\"async\" width=\"1024\" height=\"766\" src=\"http:\/\/archiwum.radiopodlasie.pl\/NEW\/wp-content\/uploads\/2026\/01\/1-1024x766.jpg\" alt=\"\" class=\"wp-image-29916\" srcset=\"http:\/\/archiwum.radiopodlasie.pl\/NEW\/wp-content\/uploads\/2026\/01\/1-1024x766.jpg 1024w, http:\/\/archiwum.radiopodlasie.pl\/NEW\/wp-content\/uploads\/2026\/01\/1-300x224.jpg 300w, http:\/\/archiwum.radiopodlasie.pl\/NEW\/wp-content\/uploads\/2026\/01\/1-768x574.jpg 768w, http:\/\/archiwum.radiopodlasie.pl\/NEW\/wp-content\/uploads\/2026\/01\/1-1536x1149.jpg 1536w, http:\/\/archiwum.radiopodlasie.pl\/NEW\/wp-content\/uploads\/2026\/01\/1.jpg 1781w\" sizes=\"auto, (max-width: 1024px) 100vw, 1024px\" \/><\/figure>\n\n\n\n<figure class=\"wp-block-audio\"><audio controls src=\"https:\/\/dzwieki.radiopodlasie.pl:8789\/uploads\/2026\/01\/260130_abol_30_autko_pp.mp3\"><\/audio><\/figure>\n\n\n\n<p><\/p>\n","protected":false},"excerpt":{"rendered":"<p>Tytu\u0142: Jak przygotowa\u0107 samoch\u00f3d na silny mr\u00f3z i podr\u00f3\u017c w zimowej scenerii? Autor: Agnieszka Bolewska-Iwaniuk Nazwa audycji: WywiadyData emisji: 30-01-2026 Synoptycy ostrzegaj\u0105 przed kolejn\u0105 fal\u0105 mroz\u00f3w, a niskie temperatury mog\u0105 da\u0107 si\u0119 we znaki&#46;&#46;&#46;<\/p>\n","protected":false},"author":123459,"featured_media":6100,"comment_status":"open","ping_status":"open","sticky":false,"template":"","format":"standard","meta":{"om_disable_all_campaigns":false,"_monsterinsights_skip_tracking":false,"_monsterinsights_sitenote_active":false,"_monsterinsights_sitenote_note":"","_monsterinsights_sitenote_category":0,"footnotes":""},"categories":[360,320],"tags":[201,4521,4522],"class_list":["post-29914","post","type-post","status-publish","format-standard","has-post-thumbnail","hentry","category-agnieszka-bolewska-iwaniuk","category-wywiady","tag-agnieszka-bolewska-iwaniuk","tag-artur-adamiuk","tag-branza-motoryzacyjna"],"aioseo_notices":[],"_links":{"self":[{"href":"http:\/\/archiwum.radiopodlasie.pl\/NEW\/wp-json\/wp\/v2\/posts\/29914","targetHints":{"allow":["GET"]}}],"collection":[{"href":"http:\/\/archiwum.radiopodlasie.pl\/NEW\/wp-json\/wp\/v2\/posts"}],"about":[{"href":"http:\/\/archiwum.radiopodlasie.pl\/NEW\/wp-json\/wp\/v2\/types\/post"}],"author":[{"embeddable":true,"href":"http:\/\/archiwum.radiopodlasie.pl\/NEW\/wp-json\/wp\/v2\/users\/123459"}],"replies":[{"embeddable":true,"href":"http:\/\/archiwum.radiopodlasie.pl\/NEW\/wp-json\/wp\/v2\/comments?post=29914"}],"version-history":[{"count":2,"href":"http:\/\/archiwum.radiopodlasie.pl\/NEW\/wp-json\/wp\/v2\/posts\/29914\/revisions"}],"predecessor-version":[{"id":29917,"href":"http:\/\/archiwum.radiopodlasie.pl\/NEW\/wp-json\/wp\/v2\/posts\/29914\/revisions\/29917"}],"wp:featuredmedia":[{"embeddable":true,"href":"http:\/\/archiwum.radiopodlasie.pl\/NEW\/wp-json\/wp\/v2\/media\/6100"}],"wp:attachment":[{"href":"http:\/\/archiwum.radiopodlasie.pl\/NEW\/wp-json\/wp\/v2\/media?parent=29914"}],"wp:term":[{"taxonomy":"category","embeddable":true,"href":"http:\/\/archiwum.radiopodlasie.pl\/NEW\/wp-json\/wp\/v2\/categories?post=29914"},{"taxonomy":"post_tag","embeddable":true,"href":"http:\/\/archiwum.radiopodlasie.pl\/NEW\/wp-json\/wp\/v2\/tags?post=29914"}],"curies":[{"name":"wp","href":"https:\/\/api.w.org\/{rel}","templated":true}]}}