{"id":29923,"date":"2026-01-28T20:38:00","date_gmt":"2026-01-28T19:38:00","guid":{"rendered":"https:\/\/archiwum.radiopodlasie.pl\/NEW\/?p=29923"},"modified":"2026-01-30T18:38:51","modified_gmt":"2026-01-30T17:38:51","slug":"laska-w-zyciu-maryi","status":"publish","type":"post","link":"http:\/\/archiwum.radiopodlasie.pl\/NEW\/2026\/01\/28\/laska-w-zyciu-maryi\/","title":{"rendered":"\u0141aska w \u017cyciu Maryi"},"content":{"rendered":"<p>Tytu\u0142: \u0141aska w \u017cyciu Maryi<\/p>\n<p>Autor: <span class=\"x193iq5w xeuugli x13faqbe x1vvkbs x1xmvt09 x1lliihq x1s928wv xhkezso x1gmr53x x1cpjm7i x1fgarty x1943h6x xudqn12 x3x7a5m x6prxxf xvq8zen xo1l8bm xzsf02u x1yc453h\" dir=\"auto\">ks. Grzegorz Suwa\u0142a<span class=\"html-span xdj266r x11i5rnm xat24cr x1mh8g0r xexx8yu x4uap5 x18d9i69 xkhd6sd x1hl2dhg x16tdsg8 x1vvkbs\"><span class=\"xt0psk2\"><br \/><\/span><\/span><\/span><\/p>\n<p>Nazwa audycji: <strong><span style=\"color: #339966;\">Czarno na bia\u0142ym<\/span><\/strong><br \/>Data emisji: 28-01-2026<\/p>\n<p>Gdzie mo\u017cemy odnale\u017a\u0107 \u0142ask\u0119 w codziennym \u017cyciu Maryi?<br \/>Jak rozumie\u0107 macierzy\u0144stwo Maryi?<br \/>Jaka jest moc Bo\u017cej \u0142aski w \u017cyciu <a href=\"https:\/\/www.facebook.com\/Zawierzeni\">Zawierzonych Jezusowi w Maryi<\/a>?<\/p>\n<p>Na te i inne pytania odpowie ks. Grzegorz Suwa\u0142a, diecezjalny duszpasterz Os\u00f3b Zawierzonych\u00a0wraz ze swymi go\u015b\u0107mi w studio z <a href=\"https:\/\/www.facebook.com\/mbnp.radzyn\">Parafii Matki Boskiej Nieustaj\u0105cej Pomocy w Radzyniu Podlaskim<\/a> i <a href=\"https:\/\/www.facebook.com\/parafiaulan\">Parafii \u015bw. Ma\u0142gorzaty w Ulanie<\/a>.<\/p>\n\n\n<figure class=\"wp-block-image size-full\"><img loading=\"lazy\" decoding=\"async\" width=\"940\" height=\"788\" src=\"http:\/\/archiwum.radiopodlasie.pl\/NEW\/wp-content\/uploads\/2026\/01\/suwala_28012026.jpg\" alt=\"\" class=\"wp-image-29924\" srcset=\"http:\/\/archiwum.radiopodlasie.pl\/NEW\/wp-content\/uploads\/2026\/01\/suwala_28012026.jpg 940w, http:\/\/archiwum.radiopodlasie.pl\/NEW\/wp-content\/uploads\/2026\/01\/suwala_28012026-300x251.jpg 300w, http:\/\/archiwum.radiopodlasie.pl\/NEW\/wp-content\/uploads\/2026\/01\/suwala_28012026-768x644.jpg 768w\" sizes=\"auto, (max-width: 940px) 100vw, 940px\" \/><\/figure>\n\n\n\n<figure class=\"wp-block-audio\"><audio controls src=\"https:\/\/dzwieki.radiopodlasie.pl:8789\/uploads\/2026\/01\/260128_czarno.mp3\"><\/audio><\/figure>\n","protected":false},"excerpt":{"rendered":"<p>Tytu\u0142: \u0141aska w \u017cyciu Maryi Autor: ks. Grzegorz Suwa\u0142a Nazwa audycji: Czarno na bia\u0142ymData emisji: 28-01-2026 Gdzie mo\u017cemy odnale\u017a\u0107 \u0142ask\u0119 w codziennym \u017cyciu Maryi?Jak rozumie\u0107 macierzy\u0144stwo Maryi?Jaka jest moc Bo\u017cej \u0142aski w \u017cyciu Zawierzonych&#46;&#46;&#46;<\/p>\n","protected":false},"author":123459,"featured_media":6448,"comment_status":"open","ping_status":"open","sticky":false,"template":"","format":"standard","meta":{"om_disable_all_campaigns":false,"_monsterinsights_skip_tracking":false,"_monsterinsights_sitenote_active":false,"_monsterinsights_sitenote_note":"","_monsterinsights_sitenote_category":0,"footnotes":""},"categories":[327],"tags":[55,2942],"class_list":["post-29923","post","type-post","status-publish","format-standard","has-post-thumbnail","hentry","category-czarno-na-bialym","tag-czarno-na-bialym","tag-ks-grzegorz-suwala"],"aioseo_notices":[],"_links":{"self":[{"href":"http:\/\/archiwum.radiopodlasie.pl\/NEW\/wp-json\/wp\/v2\/posts\/29923","targetHints":{"allow":["GET"]}}],"collection":[{"href":"http:\/\/archiwum.radiopodlasie.pl\/NEW\/wp-json\/wp\/v2\/posts"}],"about":[{"href":"http:\/\/archiwum.radiopodlasie.pl\/NEW\/wp-json\/wp\/v2\/types\/post"}],"author":[{"embeddable":true,"href":"http:\/\/archiwum.radiopodlasie.pl\/NEW\/wp-json\/wp\/v2\/users\/123459"}],"replies":[{"embeddable":true,"href":"http:\/\/archiwum.radiopodlasie.pl\/NEW\/wp-json\/wp\/v2\/comments?post=29923"}],"version-history":[{"count":1,"href":"http:\/\/archiwum.radiopodlasie.pl\/NEW\/wp-json\/wp\/v2\/posts\/29923\/revisions"}],"predecessor-version":[{"id":29925,"href":"http:\/\/archiwum.radiopodlasie.pl\/NEW\/wp-json\/wp\/v2\/posts\/29923\/revisions\/29925"}],"wp:featuredmedia":[{"embeddable":true,"href":"http:\/\/archiwum.radiopodlasie.pl\/NEW\/wp-json\/wp\/v2\/media\/6448"}],"wp:attachment":[{"href":"http:\/\/archiwum.radiopodlasie.pl\/NEW\/wp-json\/wp\/v2\/media?parent=29923"}],"wp:term":[{"taxonomy":"category","embeddable":true,"href":"http:\/\/archiwum.radiopodlasie.pl\/NEW\/wp-json\/wp\/v2\/categories?post=29923"},{"taxonomy":"post_tag","embeddable":true,"href":"http:\/\/archiwum.radiopodlasie.pl\/NEW\/wp-json\/wp\/v2\/tags?post=29923"}],"curies":[{"name":"wp","href":"https:\/\/api.w.org\/{rel}","templated":true}]}}