{"id":29926,"date":"2026-01-29T20:49:00","date_gmt":"2026-01-29T19:49:00","guid":{"rendered":"https:\/\/archiwum.radiopodlasie.pl\/NEW\/?p=29926"},"modified":"2026-01-30T18:49:46","modified_gmt":"2026-01-30T17:49:46","slug":"stowarzyszenie-orzechowek-prawdziwi-wizjonerzy-lokalnego-dzialania","status":"publish","type":"post","link":"http:\/\/archiwum.radiopodlasie.pl\/NEW\/2026\/01\/29\/stowarzyszenie-orzechowek-prawdziwi-wizjonerzy-lokalnego-dzialania\/","title":{"rendered":"Stowarzyszenie Orzech\u00f3wek \u2013 prawdziwi wizjonerzy lokalnego dzia\u0142ania"},"content":{"rendered":"<p>Tytu\u0142: <span class=\"x193iq5w xeuugli x13faqbe x1vvkbs x1xmvt09 x1lliihq x1s928wv xhkezso x1gmr53x x1cpjm7i x1fgarty x1943h6x xudqn12 x3x7a5m x6prxxf xvq8zen xo1l8bm xzsf02u x1yc453h\" dir=\"auto\">Stowarzyszenie Orzech\u00f3wek \u2013 prawdziwi wizjonerzy lokalnego dzia\u0142ania<\/span><\/p>\n<p>Autor: <span class=\"x193iq5w xeuugli x13faqbe x1vvkbs x1xmvt09 x1lliihq x1s928wv xhkezso x1gmr53x x1cpjm7i x1fgarty x1943h6x xudqn12 x3x7a5m x6prxxf xvq8zen xo1l8bm xzsf02u x1yc453h\" dir=\"auto\">Marek Dzyr<\/span><\/p>\n<p>Nazwa audycji: <strong><span style=\"color: #339966;\">Znajd\u017a pomys\u0142 na siebie<\/span><\/strong><br \/>Data emisji: 29-01-2026<\/p>\n<p>Czy my\u015blisz, \u017ce spektakularne pomys\u0142y rodz\u0105 si\u0119 tylko w wielkich miastach? \u017be \u017cycie na wsi lub w ma\u0142ym miasteczku oznacza rezygnacj\u0119 z pasji i rozwoju? Zapraszamy na kolejny odcinek audycji \u201eZnajd\u017a Pomys\u0142 na siebie\u201d, w kt\u00f3rym rozwiejemy te w\u0105tpliwo\u015bci raz na zawsze!<br \/>Go\u015b\u0107mi Marka Dzyra byli niesamowici ludzie ze Stowarzyszenia Orzech\u00f3wek \u2013 prawdziwi wizjonerzy lokalnego dzia\u0142ania. To oni udowadniaj\u0105, \u017ce z odrobin\u0105 ch\u0119ci, pomys\u0142owo\u015bci\u0105 i\u2026 wzajemnym wsparciem, mo\u017cna zdzia\u0142a\u0107 cuda.<\/p>\n\n\n<figure class=\"wp-block-audio\"><audio controls src=\"https:\/\/dzwieki.radiopodlasie.pl:8789\/uploads\/2026\/01\/260129_znajdz_pomysl_audycja.mp3\"><\/audio><\/figure>\n\n\n\n<p><\/p>\n\n\n\n<p>Je\u015bli zainteresowa\u0142a Ci\u0119 rozmowa i chcia\u0142by\u015b dowiedzie\u0107 si\u0119 wi\u0119cej, to zapraszamy do wys\u0142uchania dogrywki rozmowy.<\/p>\n\n\n\n<figure class=\"wp-block-audio\"><audio controls src=\"https:\/\/dzwieki.radiopodlasie.pl:8789\/uploads\/2026\/01\/260129_znajdz_pomysl_dogrywka.mp3\"><\/audio><\/figure>\n","protected":false},"excerpt":{"rendered":"<p>Tytu\u0142: Stowarzyszenie Orzech\u00f3wek \u2013 prawdziwi wizjonerzy lokalnego dzia\u0142ania Autor: Marek Dzyr Nazwa audycji: Znajd\u017a pomys\u0142 na siebieData emisji: 29-01-2026 Czy my\u015blisz, \u017ce spektakularne pomys\u0142y rodz\u0105 si\u0119 tylko w wielkich miastach? \u017be \u017cycie na wsi&#46;&#46;&#46;<\/p>\n","protected":false},"author":123459,"featured_media":25730,"comment_status":"open","ping_status":"open","sticky":false,"template":"","format":"standard","meta":{"om_disable_all_campaigns":false,"_monsterinsights_skip_tracking":false,"_monsterinsights_sitenote_active":false,"_monsterinsights_sitenote_note":"","_monsterinsights_sitenote_category":0,"footnotes":""},"categories":[323,3993],"tags":[3995,4524,3994],"class_list":["post-29926","post","type-post","status-publish","format-standard","has-post-thumbnail","hentry","category-audycje","category-znajdz-pomysl-na-siebie","tag-marek-dzyr","tag-stowarzyszenie-orzechowek","tag-znajdz-pomysl-na-siebie"],"aioseo_notices":[],"_links":{"self":[{"href":"http:\/\/archiwum.radiopodlasie.pl\/NEW\/wp-json\/wp\/v2\/posts\/29926","targetHints":{"allow":["GET"]}}],"collection":[{"href":"http:\/\/archiwum.radiopodlasie.pl\/NEW\/wp-json\/wp\/v2\/posts"}],"about":[{"href":"http:\/\/archiwum.radiopodlasie.pl\/NEW\/wp-json\/wp\/v2\/types\/post"}],"author":[{"embeddable":true,"href":"http:\/\/archiwum.radiopodlasie.pl\/NEW\/wp-json\/wp\/v2\/users\/123459"}],"replies":[{"embeddable":true,"href":"http:\/\/archiwum.radiopodlasie.pl\/NEW\/wp-json\/wp\/v2\/comments?post=29926"}],"version-history":[{"count":2,"href":"http:\/\/archiwum.radiopodlasie.pl\/NEW\/wp-json\/wp\/v2\/posts\/29926\/revisions"}],"predecessor-version":[{"id":29928,"href":"http:\/\/archiwum.radiopodlasie.pl\/NEW\/wp-json\/wp\/v2\/posts\/29926\/revisions\/29928"}],"wp:featuredmedia":[{"embeddable":true,"href":"http:\/\/archiwum.radiopodlasie.pl\/NEW\/wp-json\/wp\/v2\/media\/25730"}],"wp:attachment":[{"href":"http:\/\/archiwum.radiopodlasie.pl\/NEW\/wp-json\/wp\/v2\/media?parent=29926"}],"wp:term":[{"taxonomy":"category","embeddable":true,"href":"http:\/\/archiwum.radiopodlasie.pl\/NEW\/wp-json\/wp\/v2\/categories?post=29926"},{"taxonomy":"post_tag","embeddable":true,"href":"http:\/\/archiwum.radiopodlasie.pl\/NEW\/wp-json\/wp\/v2\/tags?post=29926"}],"curies":[{"name":"wp","href":"https:\/\/api.w.org\/{rel}","templated":true}]}}