{"id":30348,"date":"2026-03-10T12:00:00","date_gmt":"2026-03-10T11:00:00","guid":{"rendered":"https:\/\/archiwum.radiopodlasie.pl\/NEW\/?p=30348"},"modified":"2026-03-13T14:49:05","modified_gmt":"2026-03-13T13:49:05","slug":"swiat-w-kryzysie-mlodzi-w-odpowiedzi-audycja-z-10-marca-2026","status":"publish","type":"post","link":"http:\/\/archiwum.radiopodlasie.pl\/NEW\/2026\/03\/10\/swiat-w-kryzysie-mlodzi-w-odpowiedzi-audycja-z-10-marca-2026\/","title":{"rendered":"\u015awiat w kryzysie &#8211; m\u0142odzi w odpowiedzi &#8211; audycja z 10 marca 2026"},"content":{"rendered":"<p>Tytu\u0142: <strong>\u015awiat w kryzysie &#8211; m\u0142odzi w odpowiedzi &#8211; audycja z 10 marca 2026<\/strong><\/p>\n<p>Autor: Kacper Kowalczyk<\/p>\n<p>Nazwa audycji: <strong><span style=\"color: #339966;\">\u015awiat w kryzysie &#8211; m\u0142odzi w odpowiedzi<\/span><\/strong><br \/>Data emisji: 10-03-2026<\/p>\n<p>Ja w tym \u015bwiecie &#8211; jak nie zwariowa\u0107? W dzisiejszej audycji z cyklu: &#8222;\u015awiat w kryzysie &#8211; m\u0142odzi w odpowiedzi&#8221; o higienie informacyjnej, diecie medialnej i bezpiecze\u0144stwie psychicznym w \u015bwiecie nadmiaru informacji. W studiu go\u015bcili: dr Agnieszka Roguska z Uniwersytetu w Siedlcach oraz przedstawiciele m\u0142odego pokolenia. Audycj\u0119 poprowadzi\u0142 Kacper Kowalczyk.<\/p>\n<p>Projekt wsp\u00f3\u0142finansowany w ramach projektu grantowego \u201eMoc odpowiedzialno\u015bci\u201d <a href=\"https:\/\/www.facebook.com\/FundacjaORLEN\">Fundacja ORLEN<\/a><br \/><a href=\"https:\/\/www.facebook.com\/Uniwersytet.Siedlce\">Uniwersytet w Siedlcach<\/a><br \/><a href=\"https:\/\/www.facebook.com\/TeamWSUwS\">Wydzia\u0142 Nauk Spo\u0142ecznych UwS<\/a><\/p>\n\n\n<figure class=\"wp-block-image size-full\"><img loading=\"lazy\" decoding=\"async\" width=\"940\" height=\"788\" src=\"http:\/\/archiwum.radiopodlasie.pl\/NEW\/wp-content\/uploads\/2026\/02\/kowalczyk.jpg\" alt=\"\" class=\"wp-image-30221\" srcset=\"http:\/\/archiwum.radiopodlasie.pl\/NEW\/wp-content\/uploads\/2026\/02\/kowalczyk.jpg 940w, http:\/\/archiwum.radiopodlasie.pl\/NEW\/wp-content\/uploads\/2026\/02\/kowalczyk-300x251.jpg 300w, http:\/\/archiwum.radiopodlasie.pl\/NEW\/wp-content\/uploads\/2026\/02\/kowalczyk-768x644.jpg 768w\" sizes=\"auto, (max-width: 940px) 100vw, 940px\" \/><\/figure>\n\n\n\n<figure class=\"wp-block-audio\"><audio controls src=\"https:\/\/dzwieki.radiopodlasie.pl:8789\/uploads\/2026\/03\/260310_kkowalczyk_swiat_w_kryzysie_odc5.mp3\"><\/audio><\/figure>\n\n\n\n<p><\/p>\n","protected":false},"excerpt":{"rendered":"<p>Tytu\u0142: \u015awiat w kryzysie &#8211; m\u0142odzi w odpowiedzi &#8211; audycja z 10 marca 2026 Autor: Kacper Kowalczyk Nazwa audycji: \u015awiat w kryzysie &#8211; m\u0142odzi w odpowiedziData emisji: 10-03-2026 Ja w tym \u015bwiecie &#8211; jak&#46;&#46;&#46;<\/p>\n","protected":false},"author":123459,"featured_media":30222,"comment_status":"open","ping_status":"open","sticky":false,"template":"","format":"standard","meta":{"om_disable_all_campaigns":false,"_monsterinsights_skip_tracking":false,"_monsterinsights_sitenote_active":false,"_monsterinsights_sitenote_note":"","_monsterinsights_sitenote_category":0,"footnotes":""},"categories":[4537],"tags":[4538,4070,4540,4430,4539],"class_list":["post-30348","post","type-post","status-publish","format-standard","has-post-thumbnail","hentry","category-swiat-w-kryzysie-mlodzi-w-odpowiedzi","tag-fundacja-orlen","tag-kacper-kowalczyk","tag-orlen","tag-uniwersytet-w-siedlcach","tag-uws"],"aioseo_notices":[],"_links":{"self":[{"href":"http:\/\/archiwum.radiopodlasie.pl\/NEW\/wp-json\/wp\/v2\/posts\/30348","targetHints":{"allow":["GET"]}}],"collection":[{"href":"http:\/\/archiwum.radiopodlasie.pl\/NEW\/wp-json\/wp\/v2\/posts"}],"about":[{"href":"http:\/\/archiwum.radiopodlasie.pl\/NEW\/wp-json\/wp\/v2\/types\/post"}],"author":[{"embeddable":true,"href":"http:\/\/archiwum.radiopodlasie.pl\/NEW\/wp-json\/wp\/v2\/users\/123459"}],"replies":[{"embeddable":true,"href":"http:\/\/archiwum.radiopodlasie.pl\/NEW\/wp-json\/wp\/v2\/comments?post=30348"}],"version-history":[{"count":1,"href":"http:\/\/archiwum.radiopodlasie.pl\/NEW\/wp-json\/wp\/v2\/posts\/30348\/revisions"}],"predecessor-version":[{"id":30349,"href":"http:\/\/archiwum.radiopodlasie.pl\/NEW\/wp-json\/wp\/v2\/posts\/30348\/revisions\/30349"}],"wp:featuredmedia":[{"embeddable":true,"href":"http:\/\/archiwum.radiopodlasie.pl\/NEW\/wp-json\/wp\/v2\/media\/30222"}],"wp:attachment":[{"href":"http:\/\/archiwum.radiopodlasie.pl\/NEW\/wp-json\/wp\/v2\/media?parent=30348"}],"wp:term":[{"taxonomy":"category","embeddable":true,"href":"http:\/\/archiwum.radiopodlasie.pl\/NEW\/wp-json\/wp\/v2\/categories?post=30348"},{"taxonomy":"post_tag","embeddable":true,"href":"http:\/\/archiwum.radiopodlasie.pl\/NEW\/wp-json\/wp\/v2\/tags?post=30348"}],"curies":[{"name":"wp","href":"https:\/\/api.w.org\/{rel}","templated":true}]}}