{"id":30364,"date":"2026-03-13T16:42:26","date_gmt":"2026-03-13T15:42:26","guid":{"rendered":"https:\/\/archiwum.radiopodlasie.pl\/NEW\/?p=30364"},"modified":"2026-03-13T16:42:27","modified_gmt":"2026-03-13T15:42:27","slug":"pokuta-w-swietle-biblii-wielkopostne-refleksje-ks-jaroslawa-blazejaka","status":"publish","type":"post","link":"http:\/\/archiwum.radiopodlasie.pl\/NEW\/2026\/03\/13\/pokuta-w-swietle-biblii-wielkopostne-refleksje-ks-jaroslawa-blazejaka\/","title":{"rendered":"Pokuta w \u015bwietle Biblii &#8211; Wielkopostne refleksje ks. Jaros\u0142awa B\u0142a\u017cejaka"},"content":{"rendered":"<p>Tytu\u0142<strong>: Pokuta w \u015bwietle Biblii &#8211; Wielkopostne refleksje ks. Jaros\u0142awa B\u0142a\u017cejaka<\/strong><\/p>\n<p>Autor: Agnieszka Bolewska-Iwaniuk<\/p>\n<p>Nazwa audycji: <strong><span style=\"color: #339966;\">Wywiady<\/span><\/strong><br \/>Data emisji: 13-03-2026<\/p>\n<p>To kolejny wielkopostny pi\u0105tek, gdy wraz z ksi\u0119dzem Jaros\u0142awem B\u0142a\u017cejakiem, proboszczem parafii pw. Podwy\u017cszenia Krzy\u017ca \u015awi\u0119tego w Czartajewie, pochylamy si\u0119 nad tematem pokuty. Wielki Post to czas szczeg\u00f3lnego zatrzymania, refleksji nad w\u0142asnym \u017cyciem i powrotu do Boga \u2013 a pokuta od wiek\u00f3w zajmuje w tej drodze miejsce wyj\u0105tkowe. W poprzednich spotkaniach rozmawiali\u015bmy o jej znaczeniu w \u017cyciu chrze\u015bcijanina, o nawr\u00f3ceniu i przemianie serca. Zwracali\u015bmy te\u017c uwag\u0119, \u017ce pokuta jest wa\u017cna w ca\u0142ym naszym \u017cyciu a nie tylko w Wielkim Po\u015bcie.<\/p>\n<p>Tym razem spr\u00f3bujemy spojrze\u0107 na pokut\u0119 w \u015bwietle Biblii. Zastanowimy si\u0119, jak o nawr\u00f3ceniu i pokucie m\u00f3wi\u0105 ksi\u0119gi Pisma \u015awi\u0119tego, jakie przyk\u0142ady zostawili nam biblijni bohaterowie oraz czego uczy nas to wezwanie do przemiany, kt\u00f3re wielokrotnie pojawia si\u0119 na kartach Ewangelii.<\/p>\n<p>Do tej rozmowy zaprasza ksi\u0105dz Jaros\u0142aw B\u0142a\u017cejak, proboszcz parafii pod wezwaniem Podwy\u017cszenia Krzy\u017ca \u015awi\u0119tego w Czartajewie. Audycj\u0119 przygotowa\u0142a Agnieszka Bolewska-Iwaniuk.<\/p>\n\n\n<figure class=\"wp-block-image size-large\"><img loading=\"lazy\" decoding=\"async\" width=\"768\" height=\"1024\" src=\"http:\/\/archiwum.radiopodlasie.pl\/NEW\/wp-content\/uploads\/2026\/02\/xBlazejak-Jaroslaw-768x1024.jpg\" alt=\"\" class=\"wp-image-30136\" srcset=\"http:\/\/archiwum.radiopodlasie.pl\/NEW\/wp-content\/uploads\/2026\/02\/xBlazejak-Jaroslaw-768x1024.jpg 768w, http:\/\/archiwum.radiopodlasie.pl\/NEW\/wp-content\/uploads\/2026\/02\/xBlazejak-Jaroslaw-225x300.jpg 225w, http:\/\/archiwum.radiopodlasie.pl\/NEW\/wp-content\/uploads\/2026\/02\/xBlazejak-Jaroslaw.jpg 800w\" sizes=\"auto, (max-width: 768px) 100vw, 768px\" \/><\/figure>\n\n\n\n<figure class=\"wp-block-audio\"><audio controls src=\"https:\/\/dzwieki.radiopodlasie.pl:8789\/uploads\/2026\/03\/260313_abol_13_xBlazejak3.mp3\"><\/audio><\/figure>\n\n\n\n<p><\/p>\n","protected":false},"excerpt":{"rendered":"<p>Tytu\u0142: Pokuta w \u015bwietle Biblii &#8211; Wielkopostne refleksje ks. Jaros\u0142awa B\u0142a\u017cejaka Autor: Agnieszka Bolewska-Iwaniuk Nazwa audycji: WywiadyData emisji: 13-03-2026 To kolejny wielkopostny pi\u0105tek, gdy wraz z ksi\u0119dzem Jaros\u0142awem B\u0142a\u017cejakiem, proboszczem parafii pw. Podwy\u017cszenia Krzy\u017ca&#46;&#46;&#46;<\/p>\n","protected":false},"author":123459,"featured_media":6622,"comment_status":"open","ping_status":"open","sticky":false,"template":"","format":"standard","meta":{"om_disable_all_campaigns":false,"_monsterinsights_skip_tracking":false,"_monsterinsights_sitenote_active":false,"_monsterinsights_sitenote_note":"","_monsterinsights_sitenote_category":0,"footnotes":""},"categories":[360,320],"tags":[201,1811,60],"class_list":["post-30364","post","type-post","status-publish","format-standard","has-post-thumbnail","hentry","category-agnieszka-bolewska-iwaniuk","category-wywiady","tag-agnieszka-bolewska-iwaniuk","tag-ks-jaroslaw-blazejak","tag-wielki-post"],"aioseo_notices":[],"_links":{"self":[{"href":"http:\/\/archiwum.radiopodlasie.pl\/NEW\/wp-json\/wp\/v2\/posts\/30364","targetHints":{"allow":["GET"]}}],"collection":[{"href":"http:\/\/archiwum.radiopodlasie.pl\/NEW\/wp-json\/wp\/v2\/posts"}],"about":[{"href":"http:\/\/archiwum.radiopodlasie.pl\/NEW\/wp-json\/wp\/v2\/types\/post"}],"author":[{"embeddable":true,"href":"http:\/\/archiwum.radiopodlasie.pl\/NEW\/wp-json\/wp\/v2\/users\/123459"}],"replies":[{"embeddable":true,"href":"http:\/\/archiwum.radiopodlasie.pl\/NEW\/wp-json\/wp\/v2\/comments?post=30364"}],"version-history":[{"count":1,"href":"http:\/\/archiwum.radiopodlasie.pl\/NEW\/wp-json\/wp\/v2\/posts\/30364\/revisions"}],"predecessor-version":[{"id":30365,"href":"http:\/\/archiwum.radiopodlasie.pl\/NEW\/wp-json\/wp\/v2\/posts\/30364\/revisions\/30365"}],"wp:featuredmedia":[{"embeddable":true,"href":"http:\/\/archiwum.radiopodlasie.pl\/NEW\/wp-json\/wp\/v2\/media\/6622"}],"wp:attachment":[{"href":"http:\/\/archiwum.radiopodlasie.pl\/NEW\/wp-json\/wp\/v2\/media?parent=30364"}],"wp:term":[{"taxonomy":"category","embeddable":true,"href":"http:\/\/archiwum.radiopodlasie.pl\/NEW\/wp-json\/wp\/v2\/categories?post=30364"},{"taxonomy":"post_tag","embeddable":true,"href":"http:\/\/archiwum.radiopodlasie.pl\/NEW\/wp-json\/wp\/v2\/tags?post=30364"}],"curies":[{"name":"wp","href":"https:\/\/api.w.org\/{rel}","templated":true}]}}