{"id":30366,"date":"2026-03-11T16:45:22","date_gmt":"2026-03-11T15:45:22","guid":{"rendered":"https:\/\/archiwum.radiopodlasie.pl\/NEW\/?p=30366"},"modified":"2026-03-13T16:49:39","modified_gmt":"2026-03-13T15:49:39","slug":"uks-naprzod-skorzec-przygotowuje-sie-do-rozgrywek-ligowych","status":"publish","type":"post","link":"http:\/\/archiwum.radiopodlasie.pl\/NEW\/2026\/03\/11\/uks-naprzod-skorzec-przygotowuje-sie-do-rozgrywek-ligowych\/","title":{"rendered":"UKS Naprz\u00f3d Sk\u00f3rzec przygotowuje si\u0119 do rozgrywek ligowych"},"content":{"rendered":"<p>Tytu\u0142<strong>: UKS Naprz\u00f3d Sk\u00f3rzec przygotowuje si\u0119 do rozgrywek ligowych<\/strong><\/p>\n<p>Autor: Andrzej Ilczuk<\/p>\n<p>Nazwa audycji: <strong><span style=\"color: #339966;\">Wywiady<\/span><\/strong><br \/>Data emisji: 11-03-2026<\/p>\n<p>Do tego klubu na treningi przyje\u017cd\u017caj\u0105 zawodnicy z miejscowo\u015bci odleg\u0142ych od Sk\u00f3rca o kilkadziesi\u0105t kilometr\u00f3w. W zaj\u0119ciach uczestnicz\u0105 ju\u017c kilkulatkowie, jest te\u017c, odnosz\u0105ca sukcesy, dru\u017cyna dziewcz\u0119ca. Wkr\u00f3tce Klub rozpocznie rozgrywki ligowe.<br \/>Uczniowski Klub Sportowy Naprz\u00f3d Sk\u00f3rzec odwiedzi\u0142 Andrzej Ilczuk.<\/p>\n\n\n<figure class=\"wp-block-audio\"><audio controls src=\"https:\/\/dzwieki.radiopodlasie.pl:8789\/uploads\/2026\/03\/260311_ai_11_skorzec_naprzod.mp3\"><\/audio><\/figure>\n","protected":false},"excerpt":{"rendered":"<p>Tytu\u0142: UKS Naprz\u00f3d Sk\u00f3rzec przygotowuje si\u0119 do rozgrywek ligowych Autor: Andrzej Ilczuk Nazwa audycji: WywiadyData emisji: 11-03-2026 Do tego klubu na treningi przyje\u017cd\u017caj\u0105 zawodnicy z miejscowo\u015bci odleg\u0142ych od Sk\u00f3rca o kilkadziesi\u0105t kilometr\u00f3w. W zaj\u0119ciach&#46;&#46;&#46;<\/p>\n","protected":false},"author":123459,"featured_media":6622,"comment_status":"open","ping_status":"open","sticky":false,"template":"","format":"standard","meta":{"om_disable_all_campaigns":false,"_monsterinsights_skip_tracking":false,"_monsterinsights_sitenote_active":false,"_monsterinsights_sitenote_note":"","_monsterinsights_sitenote_category":0,"footnotes":""},"categories":[362,320],"tags":[14,3981,4445],"class_list":["post-30366","post","type-post","status-publish","format-standard","has-post-thumbnail","hentry","category-andrzej-ilczuk","category-wywiady","tag-andrzej-ilczuk","tag-gmina-skorzec","tag-naprzod-skorzec"],"aioseo_notices":[],"_links":{"self":[{"href":"http:\/\/archiwum.radiopodlasie.pl\/NEW\/wp-json\/wp\/v2\/posts\/30366","targetHints":{"allow":["GET"]}}],"collection":[{"href":"http:\/\/archiwum.radiopodlasie.pl\/NEW\/wp-json\/wp\/v2\/posts"}],"about":[{"href":"http:\/\/archiwum.radiopodlasie.pl\/NEW\/wp-json\/wp\/v2\/types\/post"}],"author":[{"embeddable":true,"href":"http:\/\/archiwum.radiopodlasie.pl\/NEW\/wp-json\/wp\/v2\/users\/123459"}],"replies":[{"embeddable":true,"href":"http:\/\/archiwum.radiopodlasie.pl\/NEW\/wp-json\/wp\/v2\/comments?post=30366"}],"version-history":[{"count":2,"href":"http:\/\/archiwum.radiopodlasie.pl\/NEW\/wp-json\/wp\/v2\/posts\/30366\/revisions"}],"predecessor-version":[{"id":30368,"href":"http:\/\/archiwum.radiopodlasie.pl\/NEW\/wp-json\/wp\/v2\/posts\/30366\/revisions\/30368"}],"wp:featuredmedia":[{"embeddable":true,"href":"http:\/\/archiwum.radiopodlasie.pl\/NEW\/wp-json\/wp\/v2\/media\/6622"}],"wp:attachment":[{"href":"http:\/\/archiwum.radiopodlasie.pl\/NEW\/wp-json\/wp\/v2\/media?parent=30366"}],"wp:term":[{"taxonomy":"category","embeddable":true,"href":"http:\/\/archiwum.radiopodlasie.pl\/NEW\/wp-json\/wp\/v2\/categories?post=30366"},{"taxonomy":"post_tag","embeddable":true,"href":"http:\/\/archiwum.radiopodlasie.pl\/NEW\/wp-json\/wp\/v2\/tags?post=30366"}],"curies":[{"name":"wp","href":"https:\/\/api.w.org\/{rel}","templated":true}]}}