{"id":30377,"date":"2026-03-11T17:22:00","date_gmt":"2026-03-11T16:22:00","guid":{"rendered":"https:\/\/archiwum.radiopodlasie.pl\/NEW\/?p=30377"},"modified":"2026-03-13T19:22:51","modified_gmt":"2026-03-13T18:22:51","slug":"jak-wyglada-codziennosc-soltysa-i-z-jakimi-wyzwaniami-mierzy-sie-w-swojej-pracy","status":"publish","type":"post","link":"http:\/\/archiwum.radiopodlasie.pl\/NEW\/2026\/03\/11\/jak-wyglada-codziennosc-soltysa-i-z-jakimi-wyzwaniami-mierzy-sie-w-swojej-pracy\/","title":{"rendered":"Jak wygl\u0105da codzienno\u015b\u0107 so\u0142tysa i z jakimi wyzwaniami mierzy si\u0119 w swojej pracy?"},"content":{"rendered":"<p>Tytu\u0142<strong>: Jak wygl\u0105da codzienno\u015b\u0107 so\u0142tysa i z jakimi wyzwaniami mierzy si\u0119 w swojej pracy?<\/strong><\/p>\n<p>Autor: Agnieszka Bolewska-Iwaniuk<\/p>\n<p>Nazwa audycji: <strong><span style=\"color: #339966;\">Wywiady<\/span><\/strong><br \/>Data emisji: 11-03-2026<\/p>\n<p>11 marca obchodzimy Dzie\u0144 So\u0142tysa \u2013 \u015bwi\u0119to os\u00f3b, kt\u00f3re na co dzie\u0144 stoj\u0105 najbli\u017cej mieszka\u0144c\u00f3w swoich miejscowo\u015bci. To w\u0142a\u015bnie so\u0142tysi s\u0105 pierwszymi, do kt\u00f3rych zwracamy si\u0119 z codziennymi sprawami, problemami czy pomys\u0142ami na rozw\u00f3j wsi. Pe\u0142ni\u0105 rol\u0119 gospodarzy, organizator\u00f3w i po\u015brednik\u00f3w mi\u0119dzy mieszka\u0144cami a samorz\u0105dem.<\/p>\n<p>Z okazji Dnia So\u0142tysa na antenie Radia Podlasie go\u015bcimy pana Stanis\u0142awa Drozdowskiego, so\u0142tysa Wajkowa w gminie Mielnik. O tym, jak wygl\u0105da codzienno\u015b\u0107 so\u0142tysa, z jakimi wyzwaniami mierzy si\u0119 w swojej pracy i dlaczego ta funkcja wci\u0105\u017c jest tak wa\u017cna dla lokalnej spo\u0142eczno\u015bci, z naszym go\u015bciem rozmawia\u0142a Agnieszka Bolewska-Iwaniuk.<\/p>\n\n\n<figure class=\"wp-block-image size-large\"><img loading=\"lazy\" decoding=\"async\" width=\"1024\" height=\"766\" src=\"http:\/\/archiwum.radiopodlasie.pl\/NEW\/wp-content\/uploads\/2026\/03\/SoltysWajkowa-1-1024x766.jpg\" alt=\"\" class=\"wp-image-30379\" srcset=\"http:\/\/archiwum.radiopodlasie.pl\/NEW\/wp-content\/uploads\/2026\/03\/SoltysWajkowa-1-1024x766.jpg 1024w, http:\/\/archiwum.radiopodlasie.pl\/NEW\/wp-content\/uploads\/2026\/03\/SoltysWajkowa-1-300x225.jpg 300w, http:\/\/archiwum.radiopodlasie.pl\/NEW\/wp-content\/uploads\/2026\/03\/SoltysWajkowa-1-768x575.jpg 768w, http:\/\/archiwum.radiopodlasie.pl\/NEW\/wp-content\/uploads\/2026\/03\/SoltysWajkowa-1.jpg 1069w\" sizes=\"auto, (max-width: 1024px) 100vw, 1024px\" \/><\/figure>\n\n\n\n<figure class=\"wp-block-audio\"><audio controls src=\"https:\/\/dzwieki.radiopodlasie.pl:8789\/uploads\/2026\/03\/260311_abol_11_soltyszWajkowa.mp3\"><\/audio><\/figure>\n","protected":false},"excerpt":{"rendered":"<p>Tytu\u0142: Jak wygl\u0105da codzienno\u015b\u0107 so\u0142tysa i z jakimi wyzwaniami mierzy si\u0119 w swojej pracy? Autor: Agnieszka Bolewska-Iwaniuk Nazwa audycji: WywiadyData emisji: 11-03-2026 11 marca obchodzimy Dzie\u0144 So\u0142tysa \u2013 \u015bwi\u0119to os\u00f3b, kt\u00f3re na co dzie\u0144&#46;&#46;&#46;<\/p>\n","protected":false},"author":123459,"featured_media":30379,"comment_status":"open","ping_status":"open","sticky":false,"template":"","format":"standard","meta":{"om_disable_all_campaigns":false,"_monsterinsights_skip_tracking":false,"_monsterinsights_sitenote_active":false,"_monsterinsights_sitenote_note":"","_monsterinsights_sitenote_category":0,"footnotes":""},"categories":[360,320],"tags":[201,4579,4581,4580],"class_list":["post-30377","post","type-post","status-publish","format-standard","has-post-thumbnail","hentry","category-agnieszka-bolewska-iwaniuk","category-wywiady","tag-agnieszka-bolewska-iwaniuk","tag-dzien-soltysa","tag-gmina-mielnik","tag-wajkow"],"aioseo_notices":[],"_links":{"self":[{"href":"http:\/\/archiwum.radiopodlasie.pl\/NEW\/wp-json\/wp\/v2\/posts\/30377","targetHints":{"allow":["GET"]}}],"collection":[{"href":"http:\/\/archiwum.radiopodlasie.pl\/NEW\/wp-json\/wp\/v2\/posts"}],"about":[{"href":"http:\/\/archiwum.radiopodlasie.pl\/NEW\/wp-json\/wp\/v2\/types\/post"}],"author":[{"embeddable":true,"href":"http:\/\/archiwum.radiopodlasie.pl\/NEW\/wp-json\/wp\/v2\/users\/123459"}],"replies":[{"embeddable":true,"href":"http:\/\/archiwum.radiopodlasie.pl\/NEW\/wp-json\/wp\/v2\/comments?post=30377"}],"version-history":[{"count":2,"href":"http:\/\/archiwum.radiopodlasie.pl\/NEW\/wp-json\/wp\/v2\/posts\/30377\/revisions"}],"predecessor-version":[{"id":30380,"href":"http:\/\/archiwum.radiopodlasie.pl\/NEW\/wp-json\/wp\/v2\/posts\/30377\/revisions\/30380"}],"wp:featuredmedia":[{"embeddable":true,"href":"http:\/\/archiwum.radiopodlasie.pl\/NEW\/wp-json\/wp\/v2\/media\/30379"}],"wp:attachment":[{"href":"http:\/\/archiwum.radiopodlasie.pl\/NEW\/wp-json\/wp\/v2\/media?parent=30377"}],"wp:term":[{"taxonomy":"category","embeddable":true,"href":"http:\/\/archiwum.radiopodlasie.pl\/NEW\/wp-json\/wp\/v2\/categories?post=30377"},{"taxonomy":"post_tag","embeddable":true,"href":"http:\/\/archiwum.radiopodlasie.pl\/NEW\/wp-json\/wp\/v2\/tags?post=30377"}],"curies":[{"name":"wp","href":"https:\/\/api.w.org\/{rel}","templated":true}]}}