{"id":30385,"date":"2026-03-15T09:55:00","date_gmt":"2026-03-15T08:55:00","guid":{"rendered":"https:\/\/archiwum.radiopodlasie.pl\/NEW\/?p=30385"},"modified":"2026-03-13T19:41:43","modified_gmt":"2026-03-13T18:41:43","slug":"czytania-na-iv-niedziele-wielkiego-postu-6","status":"publish","type":"post","link":"http:\/\/archiwum.radiopodlasie.pl\/NEW\/2026\/03\/15\/czytania-na-iv-niedziele-wielkiego-postu-6\/","title":{"rendered":"Czytania na IV NIEDZIEL\u0118 WIELKIEGO POSTU"},"content":{"rendered":"\n<p>Tytu\u0142<strong>: <\/strong> <strong>Czytania na IV NIEDZIEL\u0118 WIELKIEGO POSTU<\/strong><\/p>\n\n\n\n<p>Autor: <strong>Joanna Kuczborska,<\/strong> ks. Micha\u0142 Mo\u015bcicki<\/p>\n\n\n\n<p><strong><span style=\"color: #339966\">Nazwa audycji: Katolik w \u015bwiecie &#8211; instrukcja obs\u0142ugi<\/span><\/strong><\/p>\n\n\n\n<p><\/p>\n\n\n\n<p>Data emisji: 15-03-2026 r.<\/p>\n\n\n\n<p>1 Sm 16,1b.6\u20137.10\u201313b Ps 23 Ef 5,8\u201314 J 9, 1-41<br>\u201eWzi\u0105\u0142 wi\u0119c Samuel r\u00f3g z oliw\u0105 i nama\u015bci\u0142 go po\u015brodku jego braci. Od tego dnia duch Pa\u0144ski opanowa\u0142 Dawida\u201d.<br>\u201eNiegdy\u015b byli\u015bcie ciemno\u015bci\u0105, lecz teraz jeste\u015bcie \u015bwiat\u0142o\u015bci\u0105 w Panu: post\u0119pujcie jak dzieci \u015bwiat\u0142o\u015bci. Owocem bowiem \u015bwiat\u0142o\u015bci jest wszelka prawo\u015b\u0107 i sprawiedliwo\u015b\u0107, i prawda. Badajcie, co jest mi\u0142e Panu. I nie miejcie udzia\u0142u w bezowocnych uczynkach ciemno\u015bci ..\u201d<br>\u201eJezus, przechodz\u0105c, ujrza\u0142 pewnego cz\u0142owieka, niewidomego od urodzenia. Splun\u0105\u0142 na ziemi\u0119, uczyni\u0142 b\u0142oto ze \u015bliny i na\u0142o\u017cy\u0142 je na oczy niewidomego, i rzek\u0142 do niego: \u00abId\u017a, obmyj si\u0119 w sadzawce Siloam\u00bb \u2013 co si\u0119 t\u0142umaczy: Pos\u0142any. On wi\u0119c odszed\u0142, obmy\u0142 si\u0119 i wr\u00f3ci\u0142, widz\u0105c\u201d.<\/p>\n\n\n\n<figure class=\"wp-block-audio\"><audio controls src=\"https:\/\/dzwieki.radiopodlasie.pl:8789\/uploads\/2026\/03\/260315_katolik_JK_xMoscicki.mp3\"><\/audio><\/figure>\n","protected":false},"excerpt":{"rendered":"<p>Tytu\u0142: Czytania na IV NIEDZIEL\u0118 WIELKIEGO POSTU Autor: Joanna Kuczborska, ks. Micha\u0142 Mo\u015bcicki Nazwa audycji: Katolik w \u015bwiecie &#8211; instrukcja obs\u0142ugi Data emisji: 15-03-2026 r. 1 Sm 16,1b.6\u20137.10\u201313b Ps 23 Ef 5,8\u201314 J 9,&#46;&#46;&#46;<\/p>\n","protected":false},"author":123459,"featured_media":5933,"comment_status":"open","ping_status":"open","sticky":false,"template":"","format":"standard","meta":{"om_disable_all_campaigns":false,"_monsterinsights_skip_tracking":false,"_monsterinsights_sitenote_active":false,"_monsterinsights_sitenote_note":"","_monsterinsights_sitenote_category":0,"footnotes":""},"categories":[1700],"tags":[1809,85],"class_list":["post-30385","post","type-post","status-publish","format-standard","has-post-thumbnail","hentry","category-katolik-w-swiecie-instrukcja-obslugi","tag-katolik","tag-niedziela"],"aioseo_notices":[],"_links":{"self":[{"href":"http:\/\/archiwum.radiopodlasie.pl\/NEW\/wp-json\/wp\/v2\/posts\/30385","targetHints":{"allow":["GET"]}}],"collection":[{"href":"http:\/\/archiwum.radiopodlasie.pl\/NEW\/wp-json\/wp\/v2\/posts"}],"about":[{"href":"http:\/\/archiwum.radiopodlasie.pl\/NEW\/wp-json\/wp\/v2\/types\/post"}],"author":[{"embeddable":true,"href":"http:\/\/archiwum.radiopodlasie.pl\/NEW\/wp-json\/wp\/v2\/users\/123459"}],"replies":[{"embeddable":true,"href":"http:\/\/archiwum.radiopodlasie.pl\/NEW\/wp-json\/wp\/v2\/comments?post=30385"}],"version-history":[{"count":1,"href":"http:\/\/archiwum.radiopodlasie.pl\/NEW\/wp-json\/wp\/v2\/posts\/30385\/revisions"}],"predecessor-version":[{"id":30386,"href":"http:\/\/archiwum.radiopodlasie.pl\/NEW\/wp-json\/wp\/v2\/posts\/30385\/revisions\/30386"}],"wp:featuredmedia":[{"embeddable":true,"href":"http:\/\/archiwum.radiopodlasie.pl\/NEW\/wp-json\/wp\/v2\/media\/5933"}],"wp:attachment":[{"href":"http:\/\/archiwum.radiopodlasie.pl\/NEW\/wp-json\/wp\/v2\/media?parent=30385"}],"wp:term":[{"taxonomy":"category","embeddable":true,"href":"http:\/\/archiwum.radiopodlasie.pl\/NEW\/wp-json\/wp\/v2\/categories?post=30385"},{"taxonomy":"post_tag","embeddable":true,"href":"http:\/\/archiwum.radiopodlasie.pl\/NEW\/wp-json\/wp\/v2\/tags?post=30385"}],"curies":[{"name":"wp","href":"https:\/\/api.w.org\/{rel}","templated":true}]}}