{"id":30389,"date":"2026-03-14T08:55:00","date_gmt":"2026-03-14T07:55:00","guid":{"rendered":"https:\/\/archiwum.radiopodlasie.pl\/NEW\/?p=30389"},"modified":"2026-03-13T20:13:08","modified_gmt":"2026-03-13T19:13:08","slug":"audycja-z-polszczyzna-na-ty-z-14-marca-2026","status":"publish","type":"post","link":"http:\/\/archiwum.radiopodlasie.pl\/NEW\/2026\/03\/14\/audycja-z-polszczyzna-na-ty-z-14-marca-2026\/","title":{"rendered":"Audycja &#8222;Z polszczyzn\u0105 na Ty&#8221; z 14 marca 2026"},"content":{"rendered":"<p>Tytu\u0142: Audycja &#8222;Z polszczyzn\u0105 na Ty&#8221; z 14 marca 2026<\/p>\n<p>Autor<strong>: Wies\u0142awa Kwiek<\/strong><\/p>\n<p>Nazwa audycji: <strong>Z polszczyzn\u0105 na Ty<\/strong><br \/>Data emisji: 14-03-2026<\/p>\n<p>Po zesz\u0142otygodniowym spotkaniu z kotem przyszed\u0142 czas na jego odwiecznego towarzysza \u2013 bohatera wielu powiedze\u0144, por\u00f3wna\u0144 i literackich historii.<br \/>Dlaczego co\u015b bywa \u201epsu na bud\u0119\u201d? Co czujemy, gdy jeste\u015bmy \u201ejak zbity pies\u201d? I sk\u0105d wzi\u0119\u0142o si\u0119 przekonanie, \u017ce kto\u015b jest \u201ewierny jak pies\u201d? Sprawdzimy, jak te wyra\u017cenia zadomowi\u0142y si\u0119 w polszczy\u017anie i co naprawd\u0119 znacz\u0105.<br \/>Zajrzymy tak\u017ce do literatury, w kt\u00f3rej pies od dawna zajmuje szczeg\u00f3lne miejsce \u2013 jako wierny przyjaciel, symbol oddania, ale czasem tak\u017ce bohater wzruszaj\u0105cych opowie\u015bci. Na audycj\u0119 &#8222;Z Polszczyzn\u0105 na Ty&#8221; zaprasza Wies\u0142awa Kwiek.<\/p>\n\n\n<figure class=\"wp-block-audio\"><audio controls src=\"https:\/\/dzwieki.radiopodlasie.pl:8789\/uploads\/2026\/03\/260314_pkry_z_polszczyzna_na_ty_1403.mp3\"><\/audio><\/figure>\n\n\n\n<p><\/p>\n","protected":false},"excerpt":{"rendered":"<p>Tytu\u0142: Audycja &#8222;Z polszczyzn\u0105 na Ty&#8221; z 14 marca 2026 Autor: Wies\u0142awa Kwiek Nazwa audycji: Z polszczyzn\u0105 na TyData emisji: 14-03-2026 Po zesz\u0142otygodniowym spotkaniu z kotem przyszed\u0142 czas na jego odwiecznego towarzysza \u2013 bohatera&#46;&#46;&#46;<\/p>\n","protected":false},"author":123459,"featured_media":26760,"comment_status":"open","ping_status":"open","sticky":false,"template":"","format":"standard","meta":{"om_disable_all_campaigns":false,"_monsterinsights_skip_tracking":false,"_monsterinsights_sitenote_active":false,"_monsterinsights_sitenote_note":"","_monsterinsights_sitenote_category":0,"footnotes":""},"categories":[4139],"tags":[2701,4140],"class_list":["post-30389","post","type-post","status-publish","format-standard","has-post-thumbnail","hentry","category-z-polszczyzna-na-ty","tag-wieslawa-kwiek","tag-z-polszczyzna-na-ty"],"aioseo_notices":[],"_links":{"self":[{"href":"http:\/\/archiwum.radiopodlasie.pl\/NEW\/wp-json\/wp\/v2\/posts\/30389","targetHints":{"allow":["GET"]}}],"collection":[{"href":"http:\/\/archiwum.radiopodlasie.pl\/NEW\/wp-json\/wp\/v2\/posts"}],"about":[{"href":"http:\/\/archiwum.radiopodlasie.pl\/NEW\/wp-json\/wp\/v2\/types\/post"}],"author":[{"embeddable":true,"href":"http:\/\/archiwum.radiopodlasie.pl\/NEW\/wp-json\/wp\/v2\/users\/123459"}],"replies":[{"embeddable":true,"href":"http:\/\/archiwum.radiopodlasie.pl\/NEW\/wp-json\/wp\/v2\/comments?post=30389"}],"version-history":[{"count":1,"href":"http:\/\/archiwum.radiopodlasie.pl\/NEW\/wp-json\/wp\/v2\/posts\/30389\/revisions"}],"predecessor-version":[{"id":30390,"href":"http:\/\/archiwum.radiopodlasie.pl\/NEW\/wp-json\/wp\/v2\/posts\/30389\/revisions\/30390"}],"wp:featuredmedia":[{"embeddable":true,"href":"http:\/\/archiwum.radiopodlasie.pl\/NEW\/wp-json\/wp\/v2\/media\/26760"}],"wp:attachment":[{"href":"http:\/\/archiwum.radiopodlasie.pl\/NEW\/wp-json\/wp\/v2\/media?parent=30389"}],"wp:term":[{"taxonomy":"category","embeddable":true,"href":"http:\/\/archiwum.radiopodlasie.pl\/NEW\/wp-json\/wp\/v2\/categories?post=30389"},{"taxonomy":"post_tag","embeddable":true,"href":"http:\/\/archiwum.radiopodlasie.pl\/NEW\/wp-json\/wp\/v2\/tags?post=30389"}],"curies":[{"name":"wp","href":"https:\/\/api.w.org\/{rel}","templated":true}]}}