{"id":30396,"date":"2026-03-14T15:44:00","date_gmt":"2026-03-14T14:44:00","guid":{"rendered":"https:\/\/archiwum.radiopodlasie.pl\/NEW\/?p=30396"},"modified":"2026-03-16T07:44:51","modified_gmt":"2026-03-16T06:44:51","slug":"koncert-jubileuszowy-studia-piosenki-singers","status":"publish","type":"post","link":"http:\/\/archiwum.radiopodlasie.pl\/NEW\/2026\/03\/14\/koncert-jubileuszowy-studia-piosenki-singers\/","title":{"rendered":"Koncert Jubileuszowy Studia Piosenki Singers"},"content":{"rendered":"<p>Tytu\u0142: <strong>Koncert Jubileuszowy Studia Piosenki Singers<\/strong><\/p>\n<p>Autor: Katarzyna Chaci\u0144ska<\/p>\n<p>Nazwa audycji: <strong><span style=\"color: #339966;\">Wywiady, Kultura na fali<\/span><\/strong><br \/>Data emisji: 14-03-2026<\/p>\n<p>Koncert Jubileuszowy, podsumowuj\u0105cy 30 lecie Studia Piosenki Singers, pod wieloletnim kierownictwem Edyty W\u00f3jcik, kt\u00f3re za sob\u0105 ma ju\u017c tysi\u0105ce wy\u015bpiewanych piosenek odb\u0119dzie si\u0119 w \u015brod\u0119, 18 marca w Sali \u201ePodlasie\u201d Miejskiego O\u015brodka Kultury o godzinie 18. Od momentu za\u0142o\u017cenia zespo\u0142u Studio Piosenki Singers sta\u0142o si\u0119 ku\u017ani\u0105 m\u0142odych talent\u00f3w i wizyt\u00f3wk\u0105 kulturaln\u0105 miasta Siedlce<\/p>\n<p>Katarzyna Chaci\u0144ska rozmawia\u0142a z Edyt\u0105 W\u00f3jcik, kierownik artystyczn\u0105 zespo\u0142u Studia Piosenki Singers oraz zespo\u0142u Sweet Angels.<\/p>\n\n\n<figure class=\"wp-block-audio\"><audio controls src=\"https:\/\/dzwieki.radiopodlasie.pl:8789\/uploads\/2026\/03\/260314_kch_14_30lecie_singers_zapowiedzkoncertu.mp3\"><\/audio><\/figure>\n\n\n\n<p>Zar\u00f3wno Studio Piosenki Singers, jak i zesp\u00f3\u0142 Sweet Angels zrzeszaj\u0105 wokalist\u00f3w od sz\u00f3stego do dziewi\u0119tnastego roku \u017cycia, kt\u00f3rzy \u0107wicz\u0105 w trzech grupach. W ci\u0105gu minionych 30 lat zesp\u00f3\u0142 da\u0142 setki koncert\u00f3w, wykonywa\u0142 r\u00f3wnie\u017c autorskie programy. Wokali\u015bci s\u0105 laureatami kilkudziesi\u0119ciu festiwali, przegl\u0105d\u00f3w i konkurs\u00f3w piosenki.<\/p>\n","protected":false},"excerpt":{"rendered":"<p>Tytu\u0142: Koncert Jubileuszowy Studia Piosenki Singers Autor: Katarzyna Chaci\u0144ska Nazwa audycji: Wywiady, Kultura na faliData emisji: 14-03-2026 Koncert Jubileuszowy, podsumowuj\u0105cy 30 lecie Studia Piosenki Singers, pod wieloletnim kierownictwem Edyty W\u00f3jcik, kt\u00f3re za sob\u0105 ma&#46;&#46;&#46;<\/p>\n","protected":false},"author":123459,"featured_media":6622,"comment_status":"open","ping_status":"open","sticky":false,"template":"","format":"standard","meta":{"om_disable_all_campaigns":false,"_monsterinsights_skip_tracking":false,"_monsterinsights_sitenote_active":false,"_monsterinsights_sitenote_note":"","_monsterinsights_sitenote_category":0,"footnotes":""},"categories":[3528,2596,320],"tags":[4584,3712,977,4585,4586],"class_list":["post-30396","post","type-post","status-publish","format-standard","has-post-thumbnail","hentry","category-katarzyna-chacinska","category-kultura-na-fali","category-wywiady","tag-edyta-wojcik","tag-katarzyna-chacinska","tag-mok-siedlce","tag-singers","tag-sweet-angels"],"aioseo_notices":[],"_links":{"self":[{"href":"http:\/\/archiwum.radiopodlasie.pl\/NEW\/wp-json\/wp\/v2\/posts\/30396","targetHints":{"allow":["GET"]}}],"collection":[{"href":"http:\/\/archiwum.radiopodlasie.pl\/NEW\/wp-json\/wp\/v2\/posts"}],"about":[{"href":"http:\/\/archiwum.radiopodlasie.pl\/NEW\/wp-json\/wp\/v2\/types\/post"}],"author":[{"embeddable":true,"href":"http:\/\/archiwum.radiopodlasie.pl\/NEW\/wp-json\/wp\/v2\/users\/123459"}],"replies":[{"embeddable":true,"href":"http:\/\/archiwum.radiopodlasie.pl\/NEW\/wp-json\/wp\/v2\/comments?post=30396"}],"version-history":[{"count":2,"href":"http:\/\/archiwum.radiopodlasie.pl\/NEW\/wp-json\/wp\/v2\/posts\/30396\/revisions"}],"predecessor-version":[{"id":30398,"href":"http:\/\/archiwum.radiopodlasie.pl\/NEW\/wp-json\/wp\/v2\/posts\/30396\/revisions\/30398"}],"wp:featuredmedia":[{"embeddable":true,"href":"http:\/\/archiwum.radiopodlasie.pl\/NEW\/wp-json\/wp\/v2\/media\/6622"}],"wp:attachment":[{"href":"http:\/\/archiwum.radiopodlasie.pl\/NEW\/wp-json\/wp\/v2\/media?parent=30396"}],"wp:term":[{"taxonomy":"category","embeddable":true,"href":"http:\/\/archiwum.radiopodlasie.pl\/NEW\/wp-json\/wp\/v2\/categories?post=30396"},{"taxonomy":"post_tag","embeddable":true,"href":"http:\/\/archiwum.radiopodlasie.pl\/NEW\/wp-json\/wp\/v2\/tags?post=30396"}],"curies":[{"name":"wp","href":"https:\/\/api.w.org\/{rel}","templated":true}]}}