{"id":30402,"date":"2026-03-14T14:47:00","date_gmt":"2026-03-14T13:47:00","guid":{"rendered":"https:\/\/archiwum.radiopodlasie.pl\/NEW\/?p=30402"},"modified":"2026-04-13T08:42:33","modified_gmt":"2026-04-13T06:42:33","slug":"mikromusic-w-zbuczynie-rozmowa-z-natalia-grosiak","status":"publish","type":"post","link":"http:\/\/archiwum.radiopodlasie.pl\/NEW\/2026\/03\/14\/mikromusic-w-zbuczynie-rozmowa-z-natalia-grosiak\/","title":{"rendered":"Mikromusic w Zbuczynie. Rozmowa z Natali\u0105 Grosiak"},"content":{"rendered":"<p>Tytu\u0142<em>: <\/em><strong>Mikromusic w Zbuczynie. Rozmowa z Natali\u0105 Grosiak<\/strong><\/p>\n<p>Autor: Agnieszka Osm\u00f3lska &#8211; Ilczuk<\/p>\n<p>Nazwa audycji: <strong><span style=\"color: #339966;\">Wywiady, Kultura na fali<\/span><\/strong><br \/>Data emisji: 14-03-2026<\/p>\n\n\n<p>Od blisko 25 lat s\u0105 obecni na polskiej scenie, zachwycaj\u0105c w warstwie muzycznej i tekstowej. W ubieg\u0142ym roku zesp\u00f3\u0142 Mikromusic wyda\u0142 p\u0142yt\u0119 \u201eNie umiem ta\u0144czy\u0107\u201d, a obecnie, w najwi\u0119kszych miastach Polski, trwa druga ods\u0142ona trasy koncertowej promuj\u0105cej to wydawnictwo. Na tej trasie znalaz\u0142 si\u0119 tak\u017ce Gminny O\u015brodek Kultury w Zbuczynie, gdzie zesp\u00f3\u0142 Mikromusic wyst\u0105pi\u0142 8 marca w ramach inicjatywy \u201eMuzyczne Przestrzenie\u201d. Z wokalistk\u0105, autorka tekst\u00f3w i liderk\u0105 zespo\u0142u Natali\u0105 Grosiak rozmawia\u0142a Agnieszka Osm\u00f3lska- Ilczuk.<\/p>\n\n\n\n<figure class=\"wp-block-image size-large\"><img loading=\"lazy\" decoding=\"async\" width=\"1024\" height=\"684\" src=\"http:\/\/archiwum.radiopodlasie.pl\/NEW\/wp-content\/uploads\/2026\/03\/dsc5959-1024x684.jpg\" alt=\"\" class=\"wp-image-30404\" srcset=\"http:\/\/archiwum.radiopodlasie.pl\/NEW\/wp-content\/uploads\/2026\/03\/dsc5959-1024x684.jpg 1024w, http:\/\/archiwum.radiopodlasie.pl\/NEW\/wp-content\/uploads\/2026\/03\/dsc5959-300x200.jpg 300w, http:\/\/archiwum.radiopodlasie.pl\/NEW\/wp-content\/uploads\/2026\/03\/dsc5959-768x513.jpg 768w, http:\/\/archiwum.radiopodlasie.pl\/NEW\/wp-content\/uploads\/2026\/03\/dsc5959-1536x1025.jpg 1536w, http:\/\/archiwum.radiopodlasie.pl\/NEW\/wp-content\/uploads\/2026\/03\/dsc5959.jpg 2048w\" sizes=\"auto, (max-width: 1024px) 100vw, 1024px\" \/><\/figure>\n\n\n\n<figure class=\"wp-block-audio\"><audio controls src=\"https:\/\/dzwieki.radiopodlasie.pl:8789\/uploads\/2026\/03\/260314_aoi_grosiak_micromusic.mp3\"><\/audio><\/figure>\n","protected":false},"excerpt":{"rendered":"<p>Tytu\u0142: Mikromusic w Zbuczynie. Rozmowa z Natali\u0105 Grosiak Autor: Agnieszka Osm\u00f3lska &#8211; Ilczuk Nazwa audycji: Wywiady, Kultura na faliData emisji: 14-03-2026 Od blisko 25 lat s\u0105 obecni na polskiej scenie, zachwycaj\u0105c w warstwie muzycznej&#46;&#46;&#46;<\/p>\n","protected":false},"author":123459,"featured_media":30404,"comment_status":"open","ping_status":"open","sticky":false,"template":"","format":"standard","meta":{"om_disable_all_campaigns":false,"_monsterinsights_skip_tracking":false,"_monsterinsights_sitenote_active":false,"_monsterinsights_sitenote_note":"","_monsterinsights_sitenote_category":0,"footnotes":""},"categories":[361,2596,320],"tags":[204,4251,4590,4591],"class_list":["post-30402","post","type-post","status-publish","format-standard","has-post-thumbnail","hentry","category-agnieszka-osmolska-ilczuk","category-kultura-na-fali","category-wywiady","tag-agnieszka-osmolska-ilczuk","tag-gok-zbuczyn","tag-micromusic","tag-natalia-grosiak"],"aioseo_notices":[],"_links":{"self":[{"href":"http:\/\/archiwum.radiopodlasie.pl\/NEW\/wp-json\/wp\/v2\/posts\/30402","targetHints":{"allow":["GET"]}}],"collection":[{"href":"http:\/\/archiwum.radiopodlasie.pl\/NEW\/wp-json\/wp\/v2\/posts"}],"about":[{"href":"http:\/\/archiwum.radiopodlasie.pl\/NEW\/wp-json\/wp\/v2\/types\/post"}],"author":[{"embeddable":true,"href":"http:\/\/archiwum.radiopodlasie.pl\/NEW\/wp-json\/wp\/v2\/users\/123459"}],"replies":[{"embeddable":true,"href":"http:\/\/archiwum.radiopodlasie.pl\/NEW\/wp-json\/wp\/v2\/comments?post=30402"}],"version-history":[{"count":4,"href":"http:\/\/archiwum.radiopodlasie.pl\/NEW\/wp-json\/wp\/v2\/posts\/30402\/revisions"}],"predecessor-version":[{"id":30786,"href":"http:\/\/archiwum.radiopodlasie.pl\/NEW\/wp-json\/wp\/v2\/posts\/30402\/revisions\/30786"}],"wp:featuredmedia":[{"embeddable":true,"href":"http:\/\/archiwum.radiopodlasie.pl\/NEW\/wp-json\/wp\/v2\/media\/30404"}],"wp:attachment":[{"href":"http:\/\/archiwum.radiopodlasie.pl\/NEW\/wp-json\/wp\/v2\/media?parent=30402"}],"wp:term":[{"taxonomy":"category","embeddable":true,"href":"http:\/\/archiwum.radiopodlasie.pl\/NEW\/wp-json\/wp\/v2\/categories?post=30402"},{"taxonomy":"post_tag","embeddable":true,"href":"http:\/\/archiwum.radiopodlasie.pl\/NEW\/wp-json\/wp\/v2\/tags?post=30402"}],"curies":[{"name":"wp","href":"https:\/\/api.w.org\/{rel}","templated":true}]}}