{"id":30408,"date":"2026-03-14T14:35:00","date_gmt":"2026-03-14T13:35:00","guid":{"rendered":"https:\/\/archiwum.radiopodlasie.pl\/NEW\/?p=30408"},"modified":"2026-03-16T09:20:35","modified_gmt":"2026-03-16T08:20:35","slug":"wystawa-fotografii-krzyze-podlasia-do-obejrzenia-w-miejskim-osrodku-kultury-w-bransku","status":"publish","type":"post","link":"http:\/\/archiwum.radiopodlasie.pl\/NEW\/2026\/03\/14\/wystawa-fotografii-krzyze-podlasia-do-obejrzenia-w-miejskim-osrodku-kultury-w-bransku\/","title":{"rendered":"Wystawa fotografii \u201eKrzy\u017ce Podlasia\u201d do obejrzenia w Miejskim O\u015brodku Kultury w Bra\u0144sku"},"content":{"rendered":"<p>Tytu\u0142<strong>: Wystawa fotografii \u201eKrzy\u017ce Podlasia\u201d do obejrzenia w Miejskim O\u015brodku Kultury w Bra\u0144sku<\/strong><\/p>\n<p>Autor: Agnieszka Bolewska-Iwaniuk<\/p>\n<p>Nazwa audycji: <strong><span style=\"color: #339966;\">Wywiady, Kultura na fali<\/span><\/strong><br \/>Data emisji: 14-03-2026<\/p>\n<p>\u201eKrzy\u017ce Podlasia\u201d \u2013 fotograficzn\u0105 opowie\u015b\u0107 o przydro\u017cnych krzy\u017cach, kt\u00f3re od pokole\u0144 wpisuj\u0105 si\u0119 w krajobraz i duchowo\u015b\u0107 regionu mo\u017cna ogl\u0105da\u0107 w Miejskim O\u015brodku Kultury w Bra\u0144sku.<br \/>Wystawa powsta\u0142a podczas obchod\u00f3w Dni Kultury Chrze\u015bcija\u0144skiej organizowanych przez Stowarzyszenie Podlaskie Dziedzictwo Kultury i obj\u0119ta zosta\u0142a patronatem medialnym Katolickiego Radia Podlasie i portalu podlasie24.pl. <br \/>W Bra\u0144sku ekspozycja zosta\u0142a ubogacone krzy\u017cami udost\u0119pnionymi przez mieszka\u0144c\u00f3w. <br \/>Uroczyste otwarcie wystawy odby\u0142o si\u0119 10 marca 2026r. Z radiowym mikrofonem by\u0142a w Bra\u0144sku Agnieszka Bolewska-Iwaniuk.<\/p>\n\n\n<figure class=\"wp-block-image size-large\"><img loading=\"lazy\" decoding=\"async\" width=\"1024\" height=\"683\" src=\"http:\/\/archiwum.radiopodlasie.pl\/NEW\/wp-content\/uploads\/2026\/03\/YtbV7SUL-1024x683.jpg\" alt=\"\" class=\"wp-image-30410\" srcset=\"http:\/\/archiwum.radiopodlasie.pl\/NEW\/wp-content\/uploads\/2026\/03\/YtbV7SUL-1024x683.jpg 1024w, http:\/\/archiwum.radiopodlasie.pl\/NEW\/wp-content\/uploads\/2026\/03\/YtbV7SUL-300x200.jpg 300w, http:\/\/archiwum.radiopodlasie.pl\/NEW\/wp-content\/uploads\/2026\/03\/YtbV7SUL-768x512.jpg 768w, http:\/\/archiwum.radiopodlasie.pl\/NEW\/wp-content\/uploads\/2026\/03\/YtbV7SUL-1536x1024.jpg 1536w, http:\/\/archiwum.radiopodlasie.pl\/NEW\/wp-content\/uploads\/2026\/03\/YtbV7SUL.jpg 2048w\" sizes=\"auto, (max-width: 1024px) 100vw, 1024px\" \/><\/figure>\n\n\n\n<figure class=\"wp-block-audio\"><audio controls src=\"https:\/\/dzwieki.radiopodlasie.pl:8789\/uploads\/2026\/03\/260314_abol_14_bransk.mp3\"><\/audio><\/figure>\n\n\n\n<p><\/p>\n","protected":false},"excerpt":{"rendered":"<p>Tytu\u0142: Wystawa fotografii \u201eKrzy\u017ce Podlasia\u201d do obejrzenia w Miejskim O\u015brodku Kultury w Bra\u0144sku Autor: Agnieszka Bolewska-Iwaniuk Nazwa audycji: Wywiady, Kultura na faliData emisji: 14-03-2026 \u201eKrzy\u017ce Podlasia\u201d \u2013 fotograficzn\u0105 opowie\u015b\u0107 o przydro\u017cnych krzy\u017cach, kt\u00f3re od&#46;&#46;&#46;<\/p>\n","protected":false},"author":123459,"featured_media":30410,"comment_status":"open","ping_status":"open","sticky":false,"template":"","format":"standard","meta":{"om_disable_all_campaigns":false,"_monsterinsights_skip_tracking":false,"_monsterinsights_sitenote_active":false,"_monsterinsights_sitenote_note":"","_monsterinsights_sitenote_category":0,"footnotes":""},"categories":[360,2596,320],"tags":[201,3846,387,4004],"class_list":["post-30408","post","type-post","status-publish","format-standard","has-post-thumbnail","hentry","category-agnieszka-bolewska-iwaniuk","category-kultura-na-fali","category-wywiady","tag-agnieszka-bolewska-iwaniuk","tag-bransk","tag-mok","tag-wystawa-fotografii"],"aioseo_notices":[],"_links":{"self":[{"href":"http:\/\/archiwum.radiopodlasie.pl\/NEW\/wp-json\/wp\/v2\/posts\/30408","targetHints":{"allow":["GET"]}}],"collection":[{"href":"http:\/\/archiwum.radiopodlasie.pl\/NEW\/wp-json\/wp\/v2\/posts"}],"about":[{"href":"http:\/\/archiwum.radiopodlasie.pl\/NEW\/wp-json\/wp\/v2\/types\/post"}],"author":[{"embeddable":true,"href":"http:\/\/archiwum.radiopodlasie.pl\/NEW\/wp-json\/wp\/v2\/users\/123459"}],"replies":[{"embeddable":true,"href":"http:\/\/archiwum.radiopodlasie.pl\/NEW\/wp-json\/wp\/v2\/comments?post=30408"}],"version-history":[{"count":2,"href":"http:\/\/archiwum.radiopodlasie.pl\/NEW\/wp-json\/wp\/v2\/posts\/30408\/revisions"}],"predecessor-version":[{"id":30411,"href":"http:\/\/archiwum.radiopodlasie.pl\/NEW\/wp-json\/wp\/v2\/posts\/30408\/revisions\/30411"}],"wp:featuredmedia":[{"embeddable":true,"href":"http:\/\/archiwum.radiopodlasie.pl\/NEW\/wp-json\/wp\/v2\/media\/30410"}],"wp:attachment":[{"href":"http:\/\/archiwum.radiopodlasie.pl\/NEW\/wp-json\/wp\/v2\/media?parent=30408"}],"wp:term":[{"taxonomy":"category","embeddable":true,"href":"http:\/\/archiwum.radiopodlasie.pl\/NEW\/wp-json\/wp\/v2\/categories?post=30408"},{"taxonomy":"post_tag","embeddable":true,"href":"http:\/\/archiwum.radiopodlasie.pl\/NEW\/wp-json\/wp\/v2\/tags?post=30408"}],"curies":[{"name":"wp","href":"https:\/\/api.w.org\/{rel}","templated":true}]}}