{"id":30647,"date":"2026-04-04T22:48:00","date_gmt":"2026-04-04T20:48:00","guid":{"rendered":"https:\/\/archiwum.radiopodlasie.pl\/NEW\/?p=30647"},"modified":"2026-04-06T10:49:05","modified_gmt":"2026-04-06T08:49:05","slug":"liturgia-wigilii-paschalnej-homilia-2","status":"publish","type":"post","link":"http:\/\/archiwum.radiopodlasie.pl\/NEW\/2026\/04\/04\/liturgia-wigilii-paschalnej-homilia-2\/","title":{"rendered":"Liturgia Wigilii Paschalnej. Homilia"},"content":{"rendered":"<p>Tytu\u0142: Liturgia Wigilii Paschalnej. Homilia<\/p>\n<p>Autor: Bp Kazimierz Gurda<\/p>\n<p>Nazwa audycji:<strong><span style=\"color: #339966;\"> Homilie<\/span><\/strong><br \/>Data emisji: 04-04-2025<\/p>\n<p>W sobotni wiecz\u00f3r, 4 kwietnia, w katedrze siedleckiej sprawowana by\u0142a uroczysta Wigilia Paschalna pod przewodnictwem biskupa Kazimierza Gurdy. Liturgia ta, nale\u017c\u0105ca do najwa\u017cniejszych celebracji w roku liturgicznym, wprowadzi\u0142a wiernych w rado\u015b\u0107 Zmartwychwstania Chrystusa.<\/p>\n\n\n<figure class=\"wp-block-audio\"><audio controls src=\"https:\/\/dzwieki.radiopodlasie.pl:8789\/uploads\/2026\/04\/260404_katedra_Wsobota_liturgia_bpgurda_homilia.mp3\"><\/audio><\/figure>\n\n\n\n<p><\/p>\n","protected":false},"excerpt":{"rendered":"<p>Tytu\u0142: Liturgia Wigilii Paschalnej. Homilia Autor: Bp Kazimierz Gurda Nazwa audycji: HomilieData emisji: 04-04-2025 W sobotni wiecz\u00f3r, 4 kwietnia, w katedrze siedleckiej sprawowana by\u0142a uroczysta Wigilia Paschalna pod przewodnictwem biskupa Kazimierza Gurdy. Liturgia ta,&#46;&#46;&#46;<\/p>\n","protected":false},"author":123459,"featured_media":6622,"comment_status":"open","ping_status":"open","sticky":false,"template":"","format":"standard","meta":{"om_disable_all_campaigns":false,"_monsterinsights_skip_tracking":false,"_monsterinsights_sitenote_active":false,"_monsterinsights_sitenote_note":"","_monsterinsights_sitenote_category":0,"footnotes":""},"categories":[334],"tags":[71,694],"class_list":["post-30647","post","type-post","status-publish","format-standard","has-post-thumbnail","hentry","category-homilie","tag-homilia","tag-kosciol"],"aioseo_notices":[],"_links":{"self":[{"href":"http:\/\/archiwum.radiopodlasie.pl\/NEW\/wp-json\/wp\/v2\/posts\/30647","targetHints":{"allow":["GET"]}}],"collection":[{"href":"http:\/\/archiwum.radiopodlasie.pl\/NEW\/wp-json\/wp\/v2\/posts"}],"about":[{"href":"http:\/\/archiwum.radiopodlasie.pl\/NEW\/wp-json\/wp\/v2\/types\/post"}],"author":[{"embeddable":true,"href":"http:\/\/archiwum.radiopodlasie.pl\/NEW\/wp-json\/wp\/v2\/users\/123459"}],"replies":[{"embeddable":true,"href":"http:\/\/archiwum.radiopodlasie.pl\/NEW\/wp-json\/wp\/v2\/comments?post=30647"}],"version-history":[{"count":1,"href":"http:\/\/archiwum.radiopodlasie.pl\/NEW\/wp-json\/wp\/v2\/posts\/30647\/revisions"}],"predecessor-version":[{"id":30692,"href":"http:\/\/archiwum.radiopodlasie.pl\/NEW\/wp-json\/wp\/v2\/posts\/30647\/revisions\/30692"}],"wp:featuredmedia":[{"embeddable":true,"href":"http:\/\/archiwum.radiopodlasie.pl\/NEW\/wp-json\/wp\/v2\/media\/6622"}],"wp:attachment":[{"href":"http:\/\/archiwum.radiopodlasie.pl\/NEW\/wp-json\/wp\/v2\/media?parent=30647"}],"wp:term":[{"taxonomy":"category","embeddable":true,"href":"http:\/\/archiwum.radiopodlasie.pl\/NEW\/wp-json\/wp\/v2\/categories?post=30647"},{"taxonomy":"post_tag","embeddable":true,"href":"http:\/\/archiwum.radiopodlasie.pl\/NEW\/wp-json\/wp\/v2\/tags?post=30647"}],"curies":[{"name":"wp","href":"https:\/\/api.w.org\/{rel}","templated":true}]}}