{"id":30670,"date":"2026-04-04T14:57:00","date_gmt":"2026-04-04T12:57:00","guid":{"rendered":"https:\/\/archiwum.radiopodlasie.pl\/NEW\/?p=30670"},"modified":"2026-04-03T16:58:10","modified_gmt":"2026-04-03T14:58:10","slug":"konkurs-kulinarny-na-kiermaszu-wielkanocnym-w-drohiczynie","status":"publish","type":"post","link":"http:\/\/archiwum.radiopodlasie.pl\/NEW\/2026\/04\/04\/konkurs-kulinarny-na-kiermaszu-wielkanocnym-w-drohiczynie\/","title":{"rendered":"Konkurs kulinarny na Kiermaszu Wielkanocnym w Drohiczynie"},"content":{"rendered":"<p>Tytu\u0142<strong>: Konkurs kulinarny na Kiermaszu Wielkanocnym w Drohiczynie<\/strong><\/p>\n<p>Autor: Agnieszka Bolewska-Iwaniuk<\/p>\n<p>Nazwa audycji: <strong><span style=\"color: #339966;\">Wywiady, Kultura na fali<\/span><\/strong><br \/>Data emisji: 04-04-2026<\/p>\n<p>Je\u015bli kiermasz to w Zagubku, czyli Nadbu\u017ca\u0144skim O\u015brodku Promocji Produktu Lokalnego w Drohiczynie. Cho\u0107 najs\u0142ynniejszy jest tu wakacyjny Jarmark Drohiczy\u0144ski, r\u00f3wnie\u017c Kiermasz Wielkanocny ma swoj\u0105 renom\u0119 i grono sta\u0142ych bywalc\u00f3w. Wydarzenie takie odby\u0142o si\u0119 na tydzie\u0144 przed \u015awi\u0119tami (28 marca).<\/p>\n<p>Sta\u0142ym punktem kiermaszu jest konkurs kulinarny. W tym roku uczestnicy zmierzyli si\u0119 z dwoma zadaniami: przygotowaniem s\u0142odkiej tarty wielkanocnej oraz dania pod has\u0142em \u201ejajko w roli g\u0142\u00f3wnej\u201d. Do rywalizacji stan\u0119\u0142y Ko\u0142a Gospody\u0144 Wiejskich z Drohiczyna, Zaj\u0119cznik i Sieniewic. Potrawy ocenia\u0142a komisja z\u0142o\u017cona z pracownik\u00f3w Miejsko-Gminny O\u015brodek Kultury w Drohiczynie, wspierana przez lokaln\u0105 restauratork\u0119 Katarzyn\u0119 Sejbuk.<\/p>\n<p>Dania zachwyca\u0142y nie tylko smakiem, ale i wygl\u0105dem oraz sposobem podania. O \u015bwi\u0105tecznych potrawach przygotowanych w ramach konkursu opowiedz\u0105 go\u015bcie Agnieszki Bolewskiej-Iwaniuk.<\/p>\n\n\n<figure class=\"wp-block-audio\"><audio controls src=\"https:\/\/dzwieki.radiopodlasie.pl:8789\/uploads\/2026\/04\/260404_abol_04_kulinarny.mp3\"><\/audio><\/figure>\n","protected":false},"excerpt":{"rendered":"<p>Tytu\u0142: Konkurs kulinarny na Kiermaszu Wielkanocnym w Drohiczynie Autor: Agnieszka Bolewska-Iwaniuk Nazwa audycji: Wywiady, Kultura na faliData emisji: 04-04-2026 Je\u015bli kiermasz to w Zagubku, czyli Nadbu\u017ca\u0144skim O\u015brodku Promocji Produktu Lokalnego w Drohiczynie. Cho\u0107 najs\u0142ynniejszy&#46;&#46;&#46;<\/p>\n","protected":false},"author":123459,"featured_media":6622,"comment_status":"open","ping_status":"open","sticky":false,"template":"","format":"standard","meta":{"om_disable_all_campaigns":false,"_monsterinsights_skip_tracking":false,"_monsterinsights_sitenote_active":false,"_monsterinsights_sitenote_note":"","_monsterinsights_sitenote_category":0,"footnotes":""},"categories":[360,2596,320],"tags":[201,840,4620,3861],"class_list":["post-30670","post","type-post","status-publish","format-standard","has-post-thumbnail","hentry","category-agnieszka-bolewska-iwaniuk","category-kultura-na-fali","category-wywiady","tag-agnieszka-bolewska-iwaniuk","tag-drohiczyn","tag-kiermasz-wielkanocny","tag-zagubek"],"aioseo_notices":[],"_links":{"self":[{"href":"http:\/\/archiwum.radiopodlasie.pl\/NEW\/wp-json\/wp\/v2\/posts\/30670","targetHints":{"allow":["GET"]}}],"collection":[{"href":"http:\/\/archiwum.radiopodlasie.pl\/NEW\/wp-json\/wp\/v2\/posts"}],"about":[{"href":"http:\/\/archiwum.radiopodlasie.pl\/NEW\/wp-json\/wp\/v2\/types\/post"}],"author":[{"embeddable":true,"href":"http:\/\/archiwum.radiopodlasie.pl\/NEW\/wp-json\/wp\/v2\/users\/123459"}],"replies":[{"embeddable":true,"href":"http:\/\/archiwum.radiopodlasie.pl\/NEW\/wp-json\/wp\/v2\/comments?post=30670"}],"version-history":[{"count":2,"href":"http:\/\/archiwum.radiopodlasie.pl\/NEW\/wp-json\/wp\/v2\/posts\/30670\/revisions"}],"predecessor-version":[{"id":30672,"href":"http:\/\/archiwum.radiopodlasie.pl\/NEW\/wp-json\/wp\/v2\/posts\/30670\/revisions\/30672"}],"wp:featuredmedia":[{"embeddable":true,"href":"http:\/\/archiwum.radiopodlasie.pl\/NEW\/wp-json\/wp\/v2\/media\/6622"}],"wp:attachment":[{"href":"http:\/\/archiwum.radiopodlasie.pl\/NEW\/wp-json\/wp\/v2\/media?parent=30670"}],"wp:term":[{"taxonomy":"category","embeddable":true,"href":"http:\/\/archiwum.radiopodlasie.pl\/NEW\/wp-json\/wp\/v2\/categories?post=30670"},{"taxonomy":"post_tag","embeddable":true,"href":"http:\/\/archiwum.radiopodlasie.pl\/NEW\/wp-json\/wp\/v2\/tags?post=30670"}],"curies":[{"name":"wp","href":"https:\/\/api.w.org\/{rel}","templated":true}]}}