{"id":30966,"date":"2026-04-28T20:27:00","date_gmt":"2026-04-28T18:27:00","guid":{"rendered":"https:\/\/archiwum.radiopodlasie.pl\/NEW\/?p=30966"},"modified":"2026-05-01T15:27:40","modified_gmt":"2026-05-01T13:27:40","slug":"rozmowa-z-waldemarem-kraska-40","status":"publish","type":"post","link":"http:\/\/archiwum.radiopodlasie.pl\/NEW\/2026\/04\/28\/rozmowa-z-waldemarem-kraska-40\/","title":{"rendered":"Rozmowa z Waldemarem Krask\u0105"},"content":{"rendered":"<p>Tytu\u0142: Rozmowa z Waldemarem Krask\u0105<\/p>\n<p>Autor: Grzegorz Skwarek<\/p>\n<p>Nazwa audycji: <strong><span style=\"color: #339966;\"> Rozmowa do\u015b\u0107 powa\u017cna<\/span><\/strong><br \/>Data emisji: 28-04-2026<\/p>\n<p>Go\u015bciem w dzisiejszej audycji Rozmowa do\u015b\u0107 powa\u017cna by\u0142 Waldemar Kraska &#8211; by\u0142y minister zdrowia, senator, lekarz. Na audycj\u0119 zaprasza Grzegorz Skwarek.<\/p>\n\n\n<figure class=\"wp-block-audio\"><audio controls src=\"https:\/\/dzwieki.radiopodlasie.pl:8789\/uploads\/2026\/04\/260428_rozmowa_GS_WKraska.mp3\"><\/audio><\/figure>\n","protected":false},"excerpt":{"rendered":"<p>Tytu\u0142: Rozmowa z Waldemarem Krask\u0105 Autor: Grzegorz Skwarek Nazwa audycji: Rozmowa do\u015b\u0107 powa\u017cnaData emisji: 28-04-2026 Go\u015bciem w dzisiejszej audycji Rozmowa do\u015b\u0107 powa\u017cna by\u0142 Waldemar Kraska &#8211; by\u0142y minister zdrowia, senator, lekarz. Na audycj\u0119 zaprasza&#46;&#46;&#46;<\/p>\n","protected":false},"author":123459,"featured_media":5962,"comment_status":"open","ping_status":"open","sticky":false,"template":"","format":"standard","meta":{"om_disable_all_campaigns":false,"_monsterinsights_skip_tracking":false,"_monsterinsights_sitenote_active":false,"_monsterinsights_sitenote_note":"","_monsterinsights_sitenote_category":0,"footnotes":""},"categories":[330],"tags":[207,913],"class_list":["post-30966","post","type-post","status-publish","format-standard","has-post-thumbnail","hentry","category-rozmowa-dosc-powazna","tag-grzegorz-skwarek","tag-waldemar-kraska"],"aioseo_notices":[],"_links":{"self":[{"href":"http:\/\/archiwum.radiopodlasie.pl\/NEW\/wp-json\/wp\/v2\/posts\/30966","targetHints":{"allow":["GET"]}}],"collection":[{"href":"http:\/\/archiwum.radiopodlasie.pl\/NEW\/wp-json\/wp\/v2\/posts"}],"about":[{"href":"http:\/\/archiwum.radiopodlasie.pl\/NEW\/wp-json\/wp\/v2\/types\/post"}],"author":[{"embeddable":true,"href":"http:\/\/archiwum.radiopodlasie.pl\/NEW\/wp-json\/wp\/v2\/users\/123459"}],"replies":[{"embeddable":true,"href":"http:\/\/archiwum.radiopodlasie.pl\/NEW\/wp-json\/wp\/v2\/comments?post=30966"}],"version-history":[{"count":1,"href":"http:\/\/archiwum.radiopodlasie.pl\/NEW\/wp-json\/wp\/v2\/posts\/30966\/revisions"}],"predecessor-version":[{"id":30967,"href":"http:\/\/archiwum.radiopodlasie.pl\/NEW\/wp-json\/wp\/v2\/posts\/30966\/revisions\/30967"}],"wp:featuredmedia":[{"embeddable":true,"href":"http:\/\/archiwum.radiopodlasie.pl\/NEW\/wp-json\/wp\/v2\/media\/5962"}],"wp:attachment":[{"href":"http:\/\/archiwum.radiopodlasie.pl\/NEW\/wp-json\/wp\/v2\/media?parent=30966"}],"wp:term":[{"taxonomy":"category","embeddable":true,"href":"http:\/\/archiwum.radiopodlasie.pl\/NEW\/wp-json\/wp\/v2\/categories?post=30966"},{"taxonomy":"post_tag","embeddable":true,"href":"http:\/\/archiwum.radiopodlasie.pl\/NEW\/wp-json\/wp\/v2\/tags?post=30966"}],"curies":[{"name":"wp","href":"https:\/\/api.w.org\/{rel}","templated":true}]}}