{"id":30978,"date":"2026-04-29T20:25:00","date_gmt":"2026-04-29T18:25:00","guid":{"rendered":"https:\/\/archiwum.radiopodlasie.pl\/NEW\/?p=30978"},"modified":"2026-05-01T16:25:40","modified_gmt":"2026-05-01T14:25:40","slug":"wladza-i-sluzba-w-zyciu-maryi","status":"publish","type":"post","link":"http:\/\/archiwum.radiopodlasie.pl\/NEW\/2026\/04\/29\/wladza-i-sluzba-w-zyciu-maryi\/","title":{"rendered":"W\u0142adza i s\u0142u\u017cba w \u017cyciu Maryi"},"content":{"rendered":"<p>Tytu\u0142: W\u0142adza i s\u0142u\u017cba w \u017cyciu Maryi<\/p>\n<p>Autor: <span class=\"x193iq5w xeuugli x13faqbe x1vvkbs x1xmvt09 x1lliihq x1s928wv xhkezso x1gmr53x x1cpjm7i x1fgarty x1943h6x xudqn12 x3x7a5m x6prxxf xvq8zen xo1l8bm xzsf02u x1yc453h\" dir=\"auto\">ks. Grzegorz Suwa\u0142a<span class=\"html-span xdj266r x11i5rnm xat24cr x1mh8g0r xexx8yu x4uap5 x18d9i69 xkhd6sd x1hl2dhg x16tdsg8 x1vvkbs\"><span class=\"xt0psk2\"><br \/><\/span><\/span><\/span><\/p>\n<p>Nazwa audycji: <strong><span style=\"color: #339966;\">Czarno na bia\u0142ym<\/span><\/strong><br \/>Data emisji: 29-04-2026<\/p>\n<p>Na czym polega w\u0142adza Maryi?<br \/>W jaki spos\u00f3b Maryja zarz\u0105dza, tym co Jej powierzono?<\/p>\n<p>Na te i inne pytania w oparciu o &#8222;Traktat o prawdziwym nabo\u017ce\u0144stwo do NMP&#8221; \u015bw. Ludwika M. Grignion de Monforth odpowie ks. Grzegorz Suwa\u0142a, diecezjalny duszpasterz Os\u00f3b <a href=\"https:\/\/www.facebook.com\/Zawierzeni\">Zawierzonych Jezusowi w Maryi<\/a> Diecezji Siedleckiej wraz ze swymi go\u015b\u0107mi w studio z <a href=\"https:\/\/www.facebook.com\/mbnp.radzyn\">Parafii Matki Boskiej Nieustaj\u0105cej Pomocy w Radzyniu Podlaskim.<\/a><\/p>\n\n\n<figure class=\"wp-block-image size-full\"><img loading=\"lazy\" decoding=\"async\" width=\"940\" height=\"788\" src=\"http:\/\/archiwum.radiopodlasie.pl\/NEW\/wp-content\/uploads\/2026\/05\/czarno_29042026.jpg\" alt=\"\" class=\"wp-image-30979\" srcset=\"http:\/\/archiwum.radiopodlasie.pl\/NEW\/wp-content\/uploads\/2026\/05\/czarno_29042026.jpg 940w, http:\/\/archiwum.radiopodlasie.pl\/NEW\/wp-content\/uploads\/2026\/05\/czarno_29042026-300x251.jpg 300w, http:\/\/archiwum.radiopodlasie.pl\/NEW\/wp-content\/uploads\/2026\/05\/czarno_29042026-768x644.jpg 768w\" sizes=\"auto, (max-width: 940px) 100vw, 940px\" \/><\/figure>\n\n\n\n<figure class=\"wp-block-audio\"><audio controls src=\"https:\/\/dzwieki.radiopodlasie.pl:8789\/uploads\/2026\/04\/260429_czarno.mp3\"><\/audio><\/figure>\n","protected":false},"excerpt":{"rendered":"<p>Tytu\u0142: W\u0142adza i s\u0142u\u017cba w \u017cyciu Maryi Autor: ks. Grzegorz Suwa\u0142a Nazwa audycji: Czarno na bia\u0142ymData emisji: 29-04-2026 Na czym polega w\u0142adza Maryi?W jaki spos\u00f3b Maryja zarz\u0105dza, tym co Jej powierzono? Na te i&#46;&#46;&#46;<\/p>\n","protected":false},"author":123459,"featured_media":6448,"comment_status":"open","ping_status":"open","sticky":false,"template":"","format":"standard","meta":{"om_disable_all_campaigns":false,"_monsterinsights_skip_tracking":false,"_monsterinsights_sitenote_active":false,"_monsterinsights_sitenote_note":"","_monsterinsights_sitenote_category":0,"footnotes":""},"categories":[327],"tags":[55,2942],"class_list":["post-30978","post","type-post","status-publish","format-standard","has-post-thumbnail","hentry","category-czarno-na-bialym","tag-czarno-na-bialym","tag-ks-grzegorz-suwala"],"aioseo_notices":[],"_links":{"self":[{"href":"http:\/\/archiwum.radiopodlasie.pl\/NEW\/wp-json\/wp\/v2\/posts\/30978","targetHints":{"allow":["GET"]}}],"collection":[{"href":"http:\/\/archiwum.radiopodlasie.pl\/NEW\/wp-json\/wp\/v2\/posts"}],"about":[{"href":"http:\/\/archiwum.radiopodlasie.pl\/NEW\/wp-json\/wp\/v2\/types\/post"}],"author":[{"embeddable":true,"href":"http:\/\/archiwum.radiopodlasie.pl\/NEW\/wp-json\/wp\/v2\/users\/123459"}],"replies":[{"embeddable":true,"href":"http:\/\/archiwum.radiopodlasie.pl\/NEW\/wp-json\/wp\/v2\/comments?post=30978"}],"version-history":[{"count":1,"href":"http:\/\/archiwum.radiopodlasie.pl\/NEW\/wp-json\/wp\/v2\/posts\/30978\/revisions"}],"predecessor-version":[{"id":30980,"href":"http:\/\/archiwum.radiopodlasie.pl\/NEW\/wp-json\/wp\/v2\/posts\/30978\/revisions\/30980"}],"wp:featuredmedia":[{"embeddable":true,"href":"http:\/\/archiwum.radiopodlasie.pl\/NEW\/wp-json\/wp\/v2\/media\/6448"}],"wp:attachment":[{"href":"http:\/\/archiwum.radiopodlasie.pl\/NEW\/wp-json\/wp\/v2\/media?parent=30978"}],"wp:term":[{"taxonomy":"category","embeddable":true,"href":"http:\/\/archiwum.radiopodlasie.pl\/NEW\/wp-json\/wp\/v2\/categories?post=30978"},{"taxonomy":"post_tag","embeddable":true,"href":"http:\/\/archiwum.radiopodlasie.pl\/NEW\/wp-json\/wp\/v2\/tags?post=30978"}],"curies":[{"name":"wp","href":"https:\/\/api.w.org\/{rel}","templated":true}]}}