{"id":30981,"date":"2026-04-30T20:45:00","date_gmt":"2026-04-30T18:45:00","guid":{"rendered":"https:\/\/archiwum.radiopodlasie.pl\/NEW\/?p=30981"},"modified":"2026-05-01T16:46:26","modified_gmt":"2026-05-01T14:46:26","slug":"konrad-kiryla-i-mariusz-majewski-pasja-do-fotografowania-przyrody","status":"publish","type":"post","link":"http:\/\/archiwum.radiopodlasie.pl\/NEW\/2026\/04\/30\/konrad-kiryla-i-mariusz-majewski-pasja-do-fotografowania-przyrody\/","title":{"rendered":"Konrad Kiry\u0142a i Mariusz Majewski &#8211; pasja do fotografowania przyrody"},"content":{"rendered":"<p>Tytu\u0142: Konrad Kiry\u0142a i Mariusz Majewski<span class=\"x193iq5w xeuugli x13faqbe x1vvkbs x1xmvt09 x1lliihq x1s928wv xhkezso x1gmr53x x1cpjm7i x1fgarty x1943h6x xudqn12 x3x7a5m x6prxxf xvq8zen xo1l8bm xzsf02u x1yc453h\" dir=\"auto\"> &#8211; pasja do fotografowania przyrody<\/span><\/p>\n<p>Autor: <span class=\"x193iq5w xeuugli x13faqbe x1vvkbs x1xmvt09 x1lliihq x1s928wv xhkezso x1gmr53x x1cpjm7i x1fgarty x1943h6x xudqn12 x3x7a5m x6prxxf xvq8zen xo1l8bm xzsf02u x1yc453h\" dir=\"auto\">Marek Dzyr<\/span><\/p>\n<p>Nazwa audycji: <strong><span style=\"color: #339966;\">Znajd\u017a pomys\u0142 na siebie<\/span><\/strong><br \/>Data emisji: 30-04-2026<\/p>\n<p>W dzisiejszej audycji \u201eZnajd\u017a pomys\u0142 na siebie\u201d porozmawiamy o tym, jak pasja zmienia \u017cycie. Tym razem go\u015b\u0107mi byli dwaj wyj\u0105tkowi panowie od obiektywu:<br \/>Konrad Kiry\u0142a \u2013 od lat uwiecznia dzik\u0105 przyrod\u0119 i zwierz\u0119ta w ich naturalnym \u015brodowisku. Jego zdj\u0119cia to lekcja cierpliwo\u015bci i mi\u0142o\u015bci do natury.<br \/>Mariusz Majewski \u2013 prawdziwy fan pierzastych modeli. Ptaki to jego oczko w g\u0142owie, a fotograficzne kadry pokazuj\u0105 to, czego go\u0142ym okiem cz\u0119sto nie dostrzegamy. Audycj\u0119 poprowadzi\u0142 Marek Dzyr.<\/p>\n\n\n<figure class=\"wp-block-audio\"><audio controls src=\"https:\/\/dzwieki.radiopodlasie.pl:8789\/uploads\/2026\/04\/260430_znajdz_pomysl_audycja.mp3\"><\/audio><\/figure>\n\n\n\n<p><\/p>\n\n\n\n<p>Je\u015bli zainteresowa\u0142a Ci\u0119 rozmowa i chcia\u0142by\u015b dowiedzie\u0107 si\u0119 wi\u0119cej, to zapraszamy do wys\u0142uchania dogrywki rozmowy.<\/p>\n\n\n\n<figure class=\"wp-block-audio\"><audio controls src=\"https:\/\/dzwieki.radiopodlasie.pl:8789\/uploads\/2026\/04\/260430_znajdz_pomysl_dogrywka2.mp3\"><\/audio><\/figure>\n","protected":false},"excerpt":{"rendered":"<p>Tytu\u0142: Konrad Kiry\u0142a i Mariusz Majewski &#8211; pasja do fotografowania przyrody Autor: Marek Dzyr Nazwa audycji: Znajd\u017a pomys\u0142 na siebieData emisji: 30-04-2026 W dzisiejszej audycji \u201eZnajd\u017a pomys\u0142 na siebie\u201d porozmawiamy o tym, jak pasja&#46;&#46;&#46;<\/p>\n","protected":false},"author":123459,"featured_media":25730,"comment_status":"open","ping_status":"open","sticky":false,"template":"","format":"standard","meta":{"om_disable_all_campaigns":false,"_monsterinsights_skip_tracking":false,"_monsterinsights_sitenote_active":false,"_monsterinsights_sitenote_note":"","_monsterinsights_sitenote_category":0,"footnotes":""},"categories":[323,3993],"tags":[3405,4282,4649,3995,4650,3994],"class_list":["post-30981","post","type-post","status-publish","format-standard","has-post-thumbnail","hentry","category-audycje","category-znajdz-pomysl-na-siebie","tag-fotografia","tag-fotografia-przyrody","tag-konrad-kiryla","tag-marek-dzyr","tag-mariusz-majewski","tag-znajdz-pomysl-na-siebie"],"aioseo_notices":[],"_links":{"self":[{"href":"http:\/\/archiwum.radiopodlasie.pl\/NEW\/wp-json\/wp\/v2\/posts\/30981","targetHints":{"allow":["GET"]}}],"collection":[{"href":"http:\/\/archiwum.radiopodlasie.pl\/NEW\/wp-json\/wp\/v2\/posts"}],"about":[{"href":"http:\/\/archiwum.radiopodlasie.pl\/NEW\/wp-json\/wp\/v2\/types\/post"}],"author":[{"embeddable":true,"href":"http:\/\/archiwum.radiopodlasie.pl\/NEW\/wp-json\/wp\/v2\/users\/123459"}],"replies":[{"embeddable":true,"href":"http:\/\/archiwum.radiopodlasie.pl\/NEW\/wp-json\/wp\/v2\/comments?post=30981"}],"version-history":[{"count":2,"href":"http:\/\/archiwum.radiopodlasie.pl\/NEW\/wp-json\/wp\/v2\/posts\/30981\/revisions"}],"predecessor-version":[{"id":30983,"href":"http:\/\/archiwum.radiopodlasie.pl\/NEW\/wp-json\/wp\/v2\/posts\/30981\/revisions\/30983"}],"wp:featuredmedia":[{"embeddable":true,"href":"http:\/\/archiwum.radiopodlasie.pl\/NEW\/wp-json\/wp\/v2\/media\/25730"}],"wp:attachment":[{"href":"http:\/\/archiwum.radiopodlasie.pl\/NEW\/wp-json\/wp\/v2\/media?parent=30981"}],"wp:term":[{"taxonomy":"category","embeddable":true,"href":"http:\/\/archiwum.radiopodlasie.pl\/NEW\/wp-json\/wp\/v2\/categories?post=30981"},{"taxonomy":"post_tag","embeddable":true,"href":"http:\/\/archiwum.radiopodlasie.pl\/NEW\/wp-json\/wp\/v2\/tags?post=30981"}],"curies":[{"name":"wp","href":"https:\/\/api.w.org\/{rel}","templated":true}]}}