{"id":31010,"date":"2026-04-29T17:48:51","date_gmt":"2026-04-29T15:48:51","guid":{"rendered":"https:\/\/archiwum.radiopodlasie.pl\/NEW\/?p=31010"},"modified":"2026-05-01T17:49:10","modified_gmt":"2026-05-01T15:49:10","slug":"zostan-zolnierzem-jak-zaczac","status":"publish","type":"post","link":"http:\/\/archiwum.radiopodlasie.pl\/NEW\/2026\/04\/29\/zostan-zolnierzem-jak-zaczac\/","title":{"rendered":"Zosta\u0144 \u017co\u0142nierzem \u2013 jak zacz\u0105\u0107?"},"content":{"rendered":"<p>Tytu\u0142<strong>: Zosta\u0144 \u017co\u0142nierzem \u2013 jak zacz\u0105\u0107?<\/strong><\/p>\n<p>Autor: Agnieszka Bolewska-Iwaniuk<\/p>\n<p>Nazwa audycji: <strong><span style=\"color: #339966;\">Wywiady<\/span><\/strong><br \/>Data emisji: 29-04-2026<\/p>\n<p>Rozpocz\u0119cie s\u0142u\u017cby wojskowej to wa\u017cna decyzja i pierwszy krok na nowej drodze zawodowej. Jak wygl\u0105da rekrutacja i jak wst\u0105pi\u0107 do armii? O tym porozmawiamy z porucznik Mart\u0105 Zapolsk\u0105 z Wojskowego Centrum Rekrutacji w Bielsku Podlaskim.<br \/>Punktem wyj\u015bcia jest zbli\u017caj\u0105ce si\u0119 szkolenie podstawowe do Zasadniczej S\u0142u\u017cby Wojskowej, kt\u00f3re rusza w czerwcu w jednostce w Czartajewie ko\u0142o Siemiatycz. Poruszymy te\u017c temat barw narodowych \u2013 wa\u017cnych symboli ka\u017cdego \u017co\u0142nierza.<br \/>O tym w audycji Agnieszki Bolewskiej-Iwaniuk.<\/p>\n\n\n<figure class=\"wp-block-image size-full\"><img loading=\"lazy\" decoding=\"async\" width=\"1148\" height=\"2040\" src=\"http:\/\/archiwum.radiopodlasie.pl\/NEW\/wp-content\/uploads\/2026\/05\/por-Marta-Zapolska.jpg\" alt=\"\" class=\"wp-image-31012\" srcset=\"http:\/\/archiwum.radiopodlasie.pl\/NEW\/wp-content\/uploads\/2026\/05\/por-Marta-Zapolska.jpg 1148w, http:\/\/archiwum.radiopodlasie.pl\/NEW\/wp-content\/uploads\/2026\/05\/por-Marta-Zapolska-169x300.jpg 169w, http:\/\/archiwum.radiopodlasie.pl\/NEW\/wp-content\/uploads\/2026\/05\/por-Marta-Zapolska-576x1024.jpg 576w, http:\/\/archiwum.radiopodlasie.pl\/NEW\/wp-content\/uploads\/2026\/05\/por-Marta-Zapolska-768x1365.jpg 768w, http:\/\/archiwum.radiopodlasie.pl\/NEW\/wp-content\/uploads\/2026\/05\/por-Marta-Zapolska-864x1536.jpg 864w\" sizes=\"auto, (max-width: 1148px) 100vw, 1148px\" \/><\/figure>\n\n\n\n<figure class=\"wp-block-audio\"><audio controls src=\"https:\/\/dzwieki.radiopodlasie.pl:8789\/uploads\/2026\/04\/260429_abol_29_wojsko.mp3\"><\/audio><\/figure>\n\n\n\n<p><\/p>\n","protected":false},"excerpt":{"rendered":"<p>Tytu\u0142: Zosta\u0144 \u017co\u0142nierzem \u2013 jak zacz\u0105\u0107? Autor: Agnieszka Bolewska-Iwaniuk Nazwa audycji: WywiadyData emisji: 29-04-2026 Rozpocz\u0119cie s\u0142u\u017cby wojskowej to wa\u017cna decyzja i pierwszy krok na nowej drodze zawodowej. Jak wygl\u0105da rekrutacja i jak wst\u0105pi\u0107 do&#46;&#46;&#46;<\/p>\n","protected":false},"author":123459,"featured_media":6100,"comment_status":"open","ping_status":"open","sticky":false,"template":"","format":"standard","meta":{"om_disable_all_campaigns":false,"_monsterinsights_skip_tracking":false,"_monsterinsights_sitenote_active":false,"_monsterinsights_sitenote_note":"","_monsterinsights_sitenote_category":0,"footnotes":""},"categories":[360,320],"tags":[201,4657,4656,2186],"class_list":["post-31010","post","type-post","status-publish","format-standard","has-post-thumbnail","hentry","category-agnieszka-bolewska-iwaniuk","category-wywiady","tag-agnieszka-bolewska-iwaniuk","tag-marta-zapolska","tag-sluzba-wojskowa","tag-wojsko"],"aioseo_notices":[],"_links":{"self":[{"href":"http:\/\/archiwum.radiopodlasie.pl\/NEW\/wp-json\/wp\/v2\/posts\/31010","targetHints":{"allow":["GET"]}}],"collection":[{"href":"http:\/\/archiwum.radiopodlasie.pl\/NEW\/wp-json\/wp\/v2\/posts"}],"about":[{"href":"http:\/\/archiwum.radiopodlasie.pl\/NEW\/wp-json\/wp\/v2\/types\/post"}],"author":[{"embeddable":true,"href":"http:\/\/archiwum.radiopodlasie.pl\/NEW\/wp-json\/wp\/v2\/users\/123459"}],"replies":[{"embeddable":true,"href":"http:\/\/archiwum.radiopodlasie.pl\/NEW\/wp-json\/wp\/v2\/comments?post=31010"}],"version-history":[{"count":2,"href":"http:\/\/archiwum.radiopodlasie.pl\/NEW\/wp-json\/wp\/v2\/posts\/31010\/revisions"}],"predecessor-version":[{"id":31013,"href":"http:\/\/archiwum.radiopodlasie.pl\/NEW\/wp-json\/wp\/v2\/posts\/31010\/revisions\/31013"}],"wp:featuredmedia":[{"embeddable":true,"href":"http:\/\/archiwum.radiopodlasie.pl\/NEW\/wp-json\/wp\/v2\/media\/6100"}],"wp:attachment":[{"href":"http:\/\/archiwum.radiopodlasie.pl\/NEW\/wp-json\/wp\/v2\/media?parent=31010"}],"wp:term":[{"taxonomy":"category","embeddable":true,"href":"http:\/\/archiwum.radiopodlasie.pl\/NEW\/wp-json\/wp\/v2\/categories?post=31010"},{"taxonomy":"post_tag","embeddable":true,"href":"http:\/\/archiwum.radiopodlasie.pl\/NEW\/wp-json\/wp\/v2\/tags?post=31010"}],"curies":[{"name":"wp","href":"https:\/\/api.w.org\/{rel}","templated":true}]}}