{"id":31014,"date":"2026-05-01T17:55:48","date_gmt":"2026-05-01T15:55:48","guid":{"rendered":"https:\/\/archiwum.radiopodlasie.pl\/NEW\/?p=31014"},"modified":"2026-05-01T17:55:48","modified_gmt":"2026-05-01T15:55:48","slug":"przywracajac-piekno-przydroznych-kapliczek","status":"publish","type":"post","link":"http:\/\/archiwum.radiopodlasie.pl\/NEW\/2026\/05\/01\/przywracajac-piekno-przydroznych-kapliczek\/","title":{"rendered":"Przywracaj\u0105c pi\u0119kno przydro\u017cnych kapliczek"},"content":{"rendered":"<p>Tytu\u0142<strong>: Przywracaj\u0105c pi\u0119kno przydro\u017cnych kapliczek<\/strong><\/p>\n<p>Autor: Agnieszka Bolewska-Iwaniuk<\/p>\n<p>Nazwa audycji: <strong><span style=\"color: #339966;\">Wywiady<\/span><\/strong><br \/>Data emisji: 01-05-2026<\/p>\n<p>Kapliczki i przydro\u017cne krzy\u017ce od pokole\u0144 wpisuj\u0105 si\u0119 w polski krajobraz \u2013 s\u0105 wyrazem pobo\u017cno\u015bci mieszka\u0144c\u00f3w i \u015bwiadkami historii. Niestety, up\u0142yw czasu sprawia, \u017ce te cenne obiekty niszczej\u0105, dlatego wymagaj\u0105 konkretnych dzia\u0142a\u0144 i odpowiedniego wsparcia.<br \/>Tak by\u0142o w Twarogach Lackich w gminie Perlejewo. W wyniku scale\u0144 grunt\u00f3w cz\u0119\u015b\u0107 kapliczek przesz\u0142a na w\u0142asno\u015b\u0107 samorz\u0105du, kt\u00f3ry \u2013 korzystaj\u0105c z programu Polski \u0141ad \u2013 przeprowadzi\u0142 ich kompleksow\u0105 odnow\u0119.<br \/>25 kwietnia 2026 roku odrestaurowane kapliczki z figurami Matki Bo\u017cej, \u015bw. Jana Nepomucena i \u015bw. Antoniego zosta\u0142y uroczy\u015bcie po\u015bwi\u0119cone i zn\u00f3w ciesz\u0105 mieszka\u0144c\u00f3w.<br \/>O tej inicjatywie opowiedzieli go\u015bcie Agnieszki Bolewskiej-Iwaniuk.<\/p>\n\n\n<figure class=\"wp-block-image size-full\"><img loading=\"lazy\" decoding=\"async\" width=\"2048\" height=\"1365\" src=\"http:\/\/archiwum.radiopodlasie.pl\/NEW\/wp-content\/uploads\/2026\/05\/Ulk2WM49.jpg\" alt=\"\" class=\"wp-image-31016\" srcset=\"http:\/\/archiwum.radiopodlasie.pl\/NEW\/wp-content\/uploads\/2026\/05\/Ulk2WM49.jpg 2048w, http:\/\/archiwum.radiopodlasie.pl\/NEW\/wp-content\/uploads\/2026\/05\/Ulk2WM49-300x200.jpg 300w, http:\/\/archiwum.radiopodlasie.pl\/NEW\/wp-content\/uploads\/2026\/05\/Ulk2WM49-1024x683.jpg 1024w, http:\/\/archiwum.radiopodlasie.pl\/NEW\/wp-content\/uploads\/2026\/05\/Ulk2WM49-768x512.jpg 768w, http:\/\/archiwum.radiopodlasie.pl\/NEW\/wp-content\/uploads\/2026\/05\/Ulk2WM49-1536x1024.jpg 1536w\" sizes=\"auto, (max-width: 2048px) 100vw, 2048px\" \/><\/figure>\n\n\n\n<figure class=\"wp-block-audio\"><audio controls src=\"https:\/\/dzwieki.radiopodlasie.pl:8789\/uploads\/2026\/05\/260501_abol_01_kapliczki.mp3\"><\/audio><\/figure>\n\n\n\n<figure class=\"wp-block-image size-large\"><img loading=\"lazy\" decoding=\"async\" width=\"1024\" height=\"683\" src=\"http:\/\/archiwum.radiopodlasie.pl\/NEW\/wp-content\/uploads\/2026\/05\/f7zw5Xkh-1024x683.jpg\" alt=\"\" class=\"wp-image-31019\" srcset=\"http:\/\/archiwum.radiopodlasie.pl\/NEW\/wp-content\/uploads\/2026\/05\/f7zw5Xkh-1024x683.jpg 1024w, http:\/\/archiwum.radiopodlasie.pl\/NEW\/wp-content\/uploads\/2026\/05\/f7zw5Xkh-300x200.jpg 300w, http:\/\/archiwum.radiopodlasie.pl\/NEW\/wp-content\/uploads\/2026\/05\/f7zw5Xkh-768x512.jpg 768w, http:\/\/archiwum.radiopodlasie.pl\/NEW\/wp-content\/uploads\/2026\/05\/f7zw5Xkh-1536x1024.jpg 1536w, http:\/\/archiwum.radiopodlasie.pl\/NEW\/wp-content\/uploads\/2026\/05\/f7zw5Xkh.jpg 2048w\" sizes=\"auto, (max-width: 1024px) 100vw, 1024px\" \/><\/figure>\n\n\n\n<figure class=\"wp-block-image size-large\"><img loading=\"lazy\" decoding=\"async\" width=\"1024\" height=\"683\" src=\"http:\/\/archiwum.radiopodlasie.pl\/NEW\/wp-content\/uploads\/2026\/05\/2ejThEQU-1024x683.jpg\" alt=\"\" class=\"wp-image-31018\" srcset=\"http:\/\/archiwum.radiopodlasie.pl\/NEW\/wp-content\/uploads\/2026\/05\/2ejThEQU-1024x683.jpg 1024w, http:\/\/archiwum.radiopodlasie.pl\/NEW\/wp-content\/uploads\/2026\/05\/2ejThEQU-300x200.jpg 300w, http:\/\/archiwum.radiopodlasie.pl\/NEW\/wp-content\/uploads\/2026\/05\/2ejThEQU-768x512.jpg 768w, http:\/\/archiwum.radiopodlasie.pl\/NEW\/wp-content\/uploads\/2026\/05\/2ejThEQU-1536x1024.jpg 1536w, http:\/\/archiwum.radiopodlasie.pl\/NEW\/wp-content\/uploads\/2026\/05\/2ejThEQU.jpg 2048w\" sizes=\"auto, (max-width: 1024px) 100vw, 1024px\" \/><\/figure>\n","protected":false},"excerpt":{"rendered":"<p>Tytu\u0142: Przywracaj\u0105c pi\u0119kno przydro\u017cnych kapliczek Autor: Agnieszka Bolewska-Iwaniuk Nazwa audycji: WywiadyData emisji: 01-05-2026 Kapliczki i przydro\u017cne krzy\u017ce od pokole\u0144 wpisuj\u0105 si\u0119 w polski krajobraz \u2013 s\u0105 wyrazem pobo\u017cno\u015bci mieszka\u0144c\u00f3w i \u015bwiadkami historii. Niestety, up\u0142yw&#46;&#46;&#46;<\/p>\n","protected":false},"author":123459,"featured_media":31017,"comment_status":"open","ping_status":"open","sticky":false,"template":"","format":"standard","meta":{"om_disable_all_campaigns":false,"_monsterinsights_skip_tracking":false,"_monsterinsights_sitenote_active":false,"_monsterinsights_sitenote_note":"","_monsterinsights_sitenote_category":0,"footnotes":""},"categories":[360,320],"tags":[201,4178,3158,4658],"class_list":["post-31014","post","type-post","status-publish","format-standard","has-post-thumbnail","hentry","category-agnieszka-bolewska-iwaniuk","category-wywiady","tag-agnieszka-bolewska-iwaniuk","tag-gmina-perlejewo","tag-kapliczki","tag-twarogi-lackie"],"aioseo_notices":[],"_links":{"self":[{"href":"http:\/\/archiwum.radiopodlasie.pl\/NEW\/wp-json\/wp\/v2\/posts\/31014","targetHints":{"allow":["GET"]}}],"collection":[{"href":"http:\/\/archiwum.radiopodlasie.pl\/NEW\/wp-json\/wp\/v2\/posts"}],"about":[{"href":"http:\/\/archiwum.radiopodlasie.pl\/NEW\/wp-json\/wp\/v2\/types\/post"}],"author":[{"embeddable":true,"href":"http:\/\/archiwum.radiopodlasie.pl\/NEW\/wp-json\/wp\/v2\/users\/123459"}],"replies":[{"embeddable":true,"href":"http:\/\/archiwum.radiopodlasie.pl\/NEW\/wp-json\/wp\/v2\/comments?post=31014"}],"version-history":[{"count":2,"href":"http:\/\/archiwum.radiopodlasie.pl\/NEW\/wp-json\/wp\/v2\/posts\/31014\/revisions"}],"predecessor-version":[{"id":31020,"href":"http:\/\/archiwum.radiopodlasie.pl\/NEW\/wp-json\/wp\/v2\/posts\/31014\/revisions\/31020"}],"wp:featuredmedia":[{"embeddable":true,"href":"http:\/\/archiwum.radiopodlasie.pl\/NEW\/wp-json\/wp\/v2\/media\/31017"}],"wp:attachment":[{"href":"http:\/\/archiwum.radiopodlasie.pl\/NEW\/wp-json\/wp\/v2\/media?parent=31014"}],"wp:term":[{"taxonomy":"category","embeddable":true,"href":"http:\/\/archiwum.radiopodlasie.pl\/NEW\/wp-json\/wp\/v2\/categories?post=31014"},{"taxonomy":"post_tag","embeddable":true,"href":"http:\/\/archiwum.radiopodlasie.pl\/NEW\/wp-json\/wp\/v2\/tags?post=31014"}],"curies":[{"name":"wp","href":"https:\/\/api.w.org\/{rel}","templated":true}]}}