{"id":31021,"date":"2026-04-28T18:00:11","date_gmt":"2026-04-28T16:00:11","guid":{"rendered":"https:\/\/archiwum.radiopodlasie.pl\/NEW\/?p=31021"},"modified":"2026-05-01T18:00:30","modified_gmt":"2026-05-01T16:00:30","slug":"wizyta-w-zespole-oswiatowym-w-kotuniu","status":"publish","type":"post","link":"http:\/\/archiwum.radiopodlasie.pl\/NEW\/2026\/04\/28\/wizyta-w-zespole-oswiatowym-w-kotuniu\/","title":{"rendered":"Wizyta w Zespole O\u015bwiatowym w Kotuniu"},"content":{"rendered":"<p>Tytu\u0142<strong>: Wizyta w Zespole O\u015bwiatowym w Kotuniu<\/strong><\/p>\n<p>Autor: Andrzej Ilczuk<\/p>\n<p>Nazwa audycji: <strong><span style=\"color: #339966;\">Wywiady<\/span><\/strong><br \/>Data emisji: 28-04-2026<\/p>\n<p>Przedszkole prowadzi nab\u00f3r, Szko\u0142a Podstawowa przygotowuje si\u0119 do egzaminu \u00f3smoklasisty. Zesp\u00f3\u0142 O\u015bwiatowy w Kotuniu odwiedzi\u0142 Andrzej Ilczuk. Plac\u00f3wka niedawno prze\u017cywa\u0142a wa\u017cn\u0105 uroczysto\u015b\u0107 &#8211; otrzyma\u0142a nazw\u0119. O niej r\u00f3wnie\u017c us\u0142yszymy w rozmowie.<\/p>\n\n\n<figure class=\"wp-block-image size-large\"><img loading=\"lazy\" decoding=\"async\" width=\"768\" height=\"1024\" src=\"http:\/\/archiwum.radiopodlasie.pl\/NEW\/wp-content\/uploads\/2026\/05\/ai_28_kotun_szkola-768x1024.jpg\" alt=\"\" class=\"wp-image-31023\" srcset=\"http:\/\/archiwum.radiopodlasie.pl\/NEW\/wp-content\/uploads\/2026\/05\/ai_28_kotun_szkola-768x1024.jpg 768w, http:\/\/archiwum.radiopodlasie.pl\/NEW\/wp-content\/uploads\/2026\/05\/ai_28_kotun_szkola-225x300.jpg 225w, http:\/\/archiwum.radiopodlasie.pl\/NEW\/wp-content\/uploads\/2026\/05\/ai_28_kotun_szkola.jpg 1080w\" sizes=\"auto, (max-width: 768px) 100vw, 768px\" \/><\/figure>\n\n\n\n<figure class=\"wp-block-audio\"><audio controls src=\"https:\/\/dzwieki.radiopodlasie.pl:8789\/uploads\/2026\/04\/260428_ai_28_kotun_szkola.mp3\"><\/audio><\/figure>\n\n\n\n<p>Z Iwon\u0105 Miszczak dyrektor, i Monik\u0105 Osi\u0144sk\u0105 wicedyrektor Zespo\u0142u O\u015bwiatowego w Kotuniu, rozmawia\u0142 Andrzej Ilczuk.<\/p>\n","protected":false},"excerpt":{"rendered":"<p>Tytu\u0142: Wizyta w Zespole O\u015bwiatowym w Kotuniu Autor: Andrzej Ilczuk Nazwa audycji: WywiadyData emisji: 28-04-2026 Przedszkole prowadzi nab\u00f3r, Szko\u0142a Podstawowa przygotowuje si\u0119 do egzaminu \u00f3smoklasisty. Zesp\u00f3\u0142 O\u015bwiatowy w Kotuniu odwiedzi\u0142 Andrzej Ilczuk. Plac\u00f3wka niedawno&#46;&#46;&#46;<\/p>\n","protected":false},"author":123459,"featured_media":6110,"comment_status":"open","ping_status":"open","sticky":false,"template":"","format":"standard","meta":{"om_disable_all_campaigns":false,"_monsterinsights_skip_tracking":false,"_monsterinsights_sitenote_active":false,"_monsterinsights_sitenote_note":"","_monsterinsights_sitenote_category":0,"footnotes":""},"categories":[362,320],"tags":[14,3825],"class_list":["post-31021","post","type-post","status-publish","format-standard","has-post-thumbnail","hentry","category-andrzej-ilczuk","category-wywiady","tag-andrzej-ilczuk","tag-gmina-kotun"],"aioseo_notices":[],"_links":{"self":[{"href":"http:\/\/archiwum.radiopodlasie.pl\/NEW\/wp-json\/wp\/v2\/posts\/31021","targetHints":{"allow":["GET"]}}],"collection":[{"href":"http:\/\/archiwum.radiopodlasie.pl\/NEW\/wp-json\/wp\/v2\/posts"}],"about":[{"href":"http:\/\/archiwum.radiopodlasie.pl\/NEW\/wp-json\/wp\/v2\/types\/post"}],"author":[{"embeddable":true,"href":"http:\/\/archiwum.radiopodlasie.pl\/NEW\/wp-json\/wp\/v2\/users\/123459"}],"replies":[{"embeddable":true,"href":"http:\/\/archiwum.radiopodlasie.pl\/NEW\/wp-json\/wp\/v2\/comments?post=31021"}],"version-history":[{"count":2,"href":"http:\/\/archiwum.radiopodlasie.pl\/NEW\/wp-json\/wp\/v2\/posts\/31021\/revisions"}],"predecessor-version":[{"id":31024,"href":"http:\/\/archiwum.radiopodlasie.pl\/NEW\/wp-json\/wp\/v2\/posts\/31021\/revisions\/31024"}],"wp:featuredmedia":[{"embeddable":true,"href":"http:\/\/archiwum.radiopodlasie.pl\/NEW\/wp-json\/wp\/v2\/media\/6110"}],"wp:attachment":[{"href":"http:\/\/archiwum.radiopodlasie.pl\/NEW\/wp-json\/wp\/v2\/media?parent=31021"}],"wp:term":[{"taxonomy":"category","embeddable":true,"href":"http:\/\/archiwum.radiopodlasie.pl\/NEW\/wp-json\/wp\/v2\/categories?post=31021"},{"taxonomy":"post_tag","embeddable":true,"href":"http:\/\/archiwum.radiopodlasie.pl\/NEW\/wp-json\/wp\/v2\/tags?post=31021"}],"curies":[{"name":"wp","href":"https:\/\/api.w.org\/{rel}","templated":true}]}}