{"id":31025,"date":"2026-05-01T20:07:20","date_gmt":"2026-05-01T18:07:20","guid":{"rendered":"https:\/\/archiwum.radiopodlasie.pl\/NEW\/?p=31025"},"modified":"2026-05-01T20:07:21","modified_gmt":"2026-05-01T18:07:21","slug":"kobieta-pelna-pasji","status":"publish","type":"post","link":"http:\/\/archiwum.radiopodlasie.pl\/NEW\/2026\/05\/01\/kobieta-pelna-pasji\/","title":{"rendered":"Kobieta pe\u0142na pasji"},"content":{"rendered":"<p>Tytu\u0142: Kobieta pe\u0142na pasji<\/p>\n<p>Autor: O. Mariusz Bosek OMI, O. Piotr Radlak OMI<\/p>\n<p>Nazwa audycji: Ty\u015b Nasz\u0105 Kr\u00f3low\u0105<br \/>Data emisji: 01-05-2026<\/p>\n<p>Audycja \u201eKobieta z pasj\u0105\u201d pokazuje, \u017ce prawdziwa pasja nie ko\u0144czy si\u0119 na osobistym spe\u0142nieniu \u2014 jej naturalnym kierunkiem jest drugi cz\u0142owiek. W rozmowach bohaterki opowiadaj\u0105 nie tylko o tym, co kochaj\u0105 robi\u0107, ale przede wszystkim jak wykorzystuj\u0105 swoje talenty, by s\u0142u\u017cy\u0107 innym. To historie kobiet, kt\u00f3re poprzez swoje dzia\u0142ania realnie wp\u0142ywaj\u0105 na otoczenie \u2014 wspieraj\u0105, inspiruj\u0105, edukuj\u0105 i dodaj\u0105 odwagi.<\/p>\n<p>Szczeg\u00f3lne miejsce zajmuje tu refleksja nad postaw\u0105 Maryi \u2014 kobiety, kt\u00f3rej \u017cycie by\u0142o g\u0142\u0119boko ukierunkowane na drugiego cz\u0142owieka. Jej przyk\u0142ad pokazuje, \u017ce s\u0142u\u017cba nie musi by\u0107 spektakularna, by by\u0142a wielka \u2014 liczy si\u0119 gotowo\u015b\u0107 serca, wra\u017cliwo\u015b\u0107 i konsekwencja w dzia\u0142aniu.<\/p>\n<p>Audycja podkre\u015bla, \u017ce dziel\u0105c si\u0119 swoj\u0105 pasj\u0105, mo\u017cemy zmienia\u0107 \u015bwiat \u2014 czasem w skali globalnej, a czasem w bardzo osobistym, codziennym wymiarze. To zaproszenie do odkrycia, \u017ce ka\u017cdy talent ma sens wtedy, gdy staje si\u0119 darem dla innych.<\/p>\n<p>\u00a0Audycj\u0119 poprowadzili: O. Mariusz Bosek OMI i O. Piotr Radlak OMI.<\/p>\n\n\n<figure class=\"wp-block-image size-large\"><img loading=\"lazy\" decoding=\"async\" width=\"1024\" height=\"771\" src=\"http:\/\/archiwum.radiopodlasie.pl\/NEW\/wp-content\/uploads\/2026\/05\/O4XdtnHL-1024x771.jpg\" alt=\"\" class=\"wp-image-31026\" srcset=\"http:\/\/archiwum.radiopodlasie.pl\/NEW\/wp-content\/uploads\/2026\/05\/O4XdtnHL-1024x771.jpg 1024w, http:\/\/archiwum.radiopodlasie.pl\/NEW\/wp-content\/uploads\/2026\/05\/O4XdtnHL-300x226.jpg 300w, http:\/\/archiwum.radiopodlasie.pl\/NEW\/wp-content\/uploads\/2026\/05\/O4XdtnHL-768x578.jpg 768w, http:\/\/archiwum.radiopodlasie.pl\/NEW\/wp-content\/uploads\/2026\/05\/O4XdtnHL-1536x1157.jpg 1536w, http:\/\/archiwum.radiopodlasie.pl\/NEW\/wp-content\/uploads\/2026\/05\/O4XdtnHL.jpg 2048w\" sizes=\"auto, (max-width: 1024px) 100vw, 1024px\" \/><\/figure>\n\n\n\n<figure class=\"wp-block-audio\"><audio controls src=\"https:\/\/dzwieki.radiopodlasie.pl:8789\/uploads\/2026\/05\/260501_koden.mp3\"><\/audio><\/figure>\n","protected":false},"excerpt":{"rendered":"<p>Tytu\u0142: Kobieta pe\u0142na pasji Autor: O. Mariusz Bosek OMI, O. Piotr Radlak OMI Nazwa audycji: Ty\u015b Nasz\u0105 Kr\u00f3low\u0105Data emisji: 01-05-2026 Audycja \u201eKobieta z pasj\u0105\u201d pokazuje, \u017ce prawdziwa pasja nie ko\u0144czy si\u0119 na osobistym spe\u0142nieniu&#46;&#46;&#46;<\/p>\n","protected":false},"author":123459,"featured_media":24216,"comment_status":"open","ping_status":"open","sticky":false,"template":"","format":"standard","meta":{"om_disable_all_campaigns":false,"_monsterinsights_skip_tracking":false,"_monsterinsights_sitenote_active":false,"_monsterinsights_sitenote_note":"","_monsterinsights_sitenote_category":0,"footnotes":""},"categories":[3596],"tags":[748,3789],"class_list":["post-31025","post","type-post","status-publish","format-standard","has-post-thumbnail","hentry","category-tys-nasza-krolowa","tag-koden","tag-oblaci"],"aioseo_notices":[],"_links":{"self":[{"href":"http:\/\/archiwum.radiopodlasie.pl\/NEW\/wp-json\/wp\/v2\/posts\/31025","targetHints":{"allow":["GET"]}}],"collection":[{"href":"http:\/\/archiwum.radiopodlasie.pl\/NEW\/wp-json\/wp\/v2\/posts"}],"about":[{"href":"http:\/\/archiwum.radiopodlasie.pl\/NEW\/wp-json\/wp\/v2\/types\/post"}],"author":[{"embeddable":true,"href":"http:\/\/archiwum.radiopodlasie.pl\/NEW\/wp-json\/wp\/v2\/users\/123459"}],"replies":[{"embeddable":true,"href":"http:\/\/archiwum.radiopodlasie.pl\/NEW\/wp-json\/wp\/v2\/comments?post=31025"}],"version-history":[{"count":2,"href":"http:\/\/archiwum.radiopodlasie.pl\/NEW\/wp-json\/wp\/v2\/posts\/31025\/revisions"}],"predecessor-version":[{"id":31028,"href":"http:\/\/archiwum.radiopodlasie.pl\/NEW\/wp-json\/wp\/v2\/posts\/31025\/revisions\/31028"}],"wp:featuredmedia":[{"embeddable":true,"href":"http:\/\/archiwum.radiopodlasie.pl\/NEW\/wp-json\/wp\/v2\/media\/24216"}],"wp:attachment":[{"href":"http:\/\/archiwum.radiopodlasie.pl\/NEW\/wp-json\/wp\/v2\/media?parent=31025"}],"wp:term":[{"taxonomy":"category","embeddable":true,"href":"http:\/\/archiwum.radiopodlasie.pl\/NEW\/wp-json\/wp\/v2\/categories?post=31025"},{"taxonomy":"post_tag","embeddable":true,"href":"http:\/\/archiwum.radiopodlasie.pl\/NEW\/wp-json\/wp\/v2\/tags?post=31025"}],"curies":[{"name":"wp","href":"https:\/\/api.w.org\/{rel}","templated":true}]}}