{"id":31029,"date":"2026-05-02T08:55:00","date_gmt":"2026-05-02T06:55:00","guid":{"rendered":"https:\/\/archiwum.radiopodlasie.pl\/NEW\/?p=31029"},"modified":"2026-05-02T07:25:16","modified_gmt":"2026-05-02T05:25:16","slug":"audycja-z-polszczyzna-na-ty-z-2-maja-2026","status":"publish","type":"post","link":"http:\/\/archiwum.radiopodlasie.pl\/NEW\/2026\/05\/02\/audycja-z-polszczyzna-na-ty-z-2-maja-2026\/","title":{"rendered":"Audycja &#8222;Z polszczyzn\u0105 na Ty&#8221; z 2 maja 2026"},"content":{"rendered":"<p>Tytu\u0142: Audycja &#8222;Z polszczyzn\u0105 na Ty&#8221; z 2 maja 2026<\/p>\n<p>Autor<strong>: Wies\u0142awa Kwiek<\/strong><\/p>\n<p>Nazwa audycji: <strong>Z polszczyzn\u0105 na Ty<\/strong><br \/>Data emisji: 02-05-2026<\/p>\n<p>Czy zastanawiali\u015bcie si\u0119 kiedy\u015b, sk\u0105d wzi\u0119\u0142y si\u0119 s\u0142owa, kt\u00f3rych u\u017cywamy na co dzie\u0144? Jak brzmia\u0142y dawniej i jak zmienia\u0142o si\u0119 ich znaczenie? W najnowszej audycji \u201eZ polszczyzn\u0105 na Ty\u201d przyjrzymy si\u0119 etymologii, czyli pochodzeniu dawnej postaci i znacze\u0144 wyraz\u00f3w.\u00a0Zaprasza Wies\u0142awa Kwiek.<\/p>\n\n\n<figure class=\"wp-block-audio\"><audio controls src=\"https:\/\/dzwieki.radiopodlasie.pl:8789\/uploads\/2026\/05\/260502_pkry_z_polszczyzna_na_ty_0205.mp3\"><\/audio><\/figure>\n\n\n\n<p><\/p>\n","protected":false},"excerpt":{"rendered":"<p>Tytu\u0142: Audycja &#8222;Z polszczyzn\u0105 na Ty&#8221; z 2 maja 2026 Autor: Wies\u0142awa Kwiek Nazwa audycji: Z polszczyzn\u0105 na TyData emisji: 02-05-2026 Czy zastanawiali\u015bcie si\u0119 kiedy\u015b, sk\u0105d wzi\u0119\u0142y si\u0119 s\u0142owa, kt\u00f3rych u\u017cywamy na co dzie\u0144?&#46;&#46;&#46;<\/p>\n","protected":false},"author":123459,"featured_media":26760,"comment_status":"open","ping_status":"open","sticky":false,"template":"","format":"standard","meta":{"om_disable_all_campaigns":false,"_monsterinsights_skip_tracking":false,"_monsterinsights_sitenote_active":false,"_monsterinsights_sitenote_note":"","_monsterinsights_sitenote_category":0,"footnotes":""},"categories":[4139],"tags":[2701,4140],"class_list":["post-31029","post","type-post","status-publish","format-standard","has-post-thumbnail","hentry","category-z-polszczyzna-na-ty","tag-wieslawa-kwiek","tag-z-polszczyzna-na-ty"],"aioseo_notices":[],"_links":{"self":[{"href":"http:\/\/archiwum.radiopodlasie.pl\/NEW\/wp-json\/wp\/v2\/posts\/31029","targetHints":{"allow":["GET"]}}],"collection":[{"href":"http:\/\/archiwum.radiopodlasie.pl\/NEW\/wp-json\/wp\/v2\/posts"}],"about":[{"href":"http:\/\/archiwum.radiopodlasie.pl\/NEW\/wp-json\/wp\/v2\/types\/post"}],"author":[{"embeddable":true,"href":"http:\/\/archiwum.radiopodlasie.pl\/NEW\/wp-json\/wp\/v2\/users\/123459"}],"replies":[{"embeddable":true,"href":"http:\/\/archiwum.radiopodlasie.pl\/NEW\/wp-json\/wp\/v2\/comments?post=31029"}],"version-history":[{"count":1,"href":"http:\/\/archiwum.radiopodlasie.pl\/NEW\/wp-json\/wp\/v2\/posts\/31029\/revisions"}],"predecessor-version":[{"id":31030,"href":"http:\/\/archiwum.radiopodlasie.pl\/NEW\/wp-json\/wp\/v2\/posts\/31029\/revisions\/31030"}],"wp:featuredmedia":[{"embeddable":true,"href":"http:\/\/archiwum.radiopodlasie.pl\/NEW\/wp-json\/wp\/v2\/media\/26760"}],"wp:attachment":[{"href":"http:\/\/archiwum.radiopodlasie.pl\/NEW\/wp-json\/wp\/v2\/media?parent=31029"}],"wp:term":[{"taxonomy":"category","embeddable":true,"href":"http:\/\/archiwum.radiopodlasie.pl\/NEW\/wp-json\/wp\/v2\/categories?post=31029"},{"taxonomy":"post_tag","embeddable":true,"href":"http:\/\/archiwum.radiopodlasie.pl\/NEW\/wp-json\/wp\/v2\/tags?post=31029"}],"curies":[{"name":"wp","href":"https:\/\/api.w.org\/{rel}","templated":true}]}}