{"id":31033,"date":"2026-05-02T11:59:00","date_gmt":"2026-05-02T09:59:00","guid":{"rendered":"https:\/\/archiwum.radiopodlasie.pl\/NEW\/?p=31033"},"modified":"2026-05-02T07:59:14","modified_gmt":"2026-05-02T05:59:14","slug":"audycja-na-podlaskim-trakcie-literackim-z-2-maja-2026","status":"publish","type":"post","link":"http:\/\/archiwum.radiopodlasie.pl\/NEW\/2026\/05\/02\/audycja-na-podlaskim-trakcie-literackim-z-2-maja-2026\/","title":{"rendered":"Audycja &#8222;Na Podlaskim Trakcie Literackim&#8221; z 2 maja 2026"},"content":{"rendered":"<p>Tytu\u0142: Audycja &#8222;Na Podlaskim Trakcie Literackim&#8221; z 2 maja 2026<\/p>\n<p>Autor<strong>: Artur Ziontek<br \/><\/strong><\/p>\n<p>Nazwa audycji: <strong>Na Podlaskim Trakcie Literackim<\/strong><br \/>Data emisji: 02-05-2026<\/p>\n<p>Nie wiem czy Pa\u0144stwo wiedz\u0105, ale Miejska Biblioteka Publiczna im. Konstantego Ildefonsa Ga\u0142czy\u0144skiego w Sokolowie Podlaskim obchodzi w\u0142a\u015bnie sw\u00f3j Jubileusz 80-lecia istnienia. A na t\u0119 okazj\u0119 przygotowa\u0142a ksi\u0105\u017ck\u0119. Wi\u0119cej w audycji &#8222;Na podlaskim trakcie literackim&#8221; Artur Ziontek.<\/p>\n\n\n<figure class=\"wp-block-audio\"><audio controls src=\"https:\/\/dzwieki.radiopodlasie.pl:8789\/uploads\/2026\/05\/260502_pkry_trakt_0205.mp3\"><\/audio><\/figure>\n\n\n\n<p><\/p>\n","protected":false},"excerpt":{"rendered":"<p>Tytu\u0142: Audycja &#8222;Na Podlaskim Trakcie Literackim&#8221; z 2 maja 2026 Autor: Artur Ziontek Nazwa audycji: Na Podlaskim Trakcie LiterackimData emisji: 02-05-2026 Nie wiem czy Pa\u0144stwo wiedz\u0105, ale Miejska Biblioteka Publiczna im. Konstantego Ildefonsa Ga\u0142czy\u0144skiego&#46;&#46;&#46;<\/p>\n","protected":false},"author":123459,"featured_media":22204,"comment_status":"open","ping_status":"open","sticky":false,"template":"","format":"standard","meta":{"om_disable_all_campaigns":false,"_monsterinsights_skip_tracking":false,"_monsterinsights_sitenote_active":false,"_monsterinsights_sitenote_note":"","_monsterinsights_sitenote_category":0,"footnotes":""},"categories":[3648],"tags":[1750],"class_list":["post-31033","post","type-post","status-publish","format-standard","has-post-thumbnail","hentry","category-na-podlaskim-trakcie-literackim","tag-artur-ziontek"],"aioseo_notices":[],"_links":{"self":[{"href":"http:\/\/archiwum.radiopodlasie.pl\/NEW\/wp-json\/wp\/v2\/posts\/31033","targetHints":{"allow":["GET"]}}],"collection":[{"href":"http:\/\/archiwum.radiopodlasie.pl\/NEW\/wp-json\/wp\/v2\/posts"}],"about":[{"href":"http:\/\/archiwum.radiopodlasie.pl\/NEW\/wp-json\/wp\/v2\/types\/post"}],"author":[{"embeddable":true,"href":"http:\/\/archiwum.radiopodlasie.pl\/NEW\/wp-json\/wp\/v2\/users\/123459"}],"replies":[{"embeddable":true,"href":"http:\/\/archiwum.radiopodlasie.pl\/NEW\/wp-json\/wp\/v2\/comments?post=31033"}],"version-history":[{"count":1,"href":"http:\/\/archiwum.radiopodlasie.pl\/NEW\/wp-json\/wp\/v2\/posts\/31033\/revisions"}],"predecessor-version":[{"id":31034,"href":"http:\/\/archiwum.radiopodlasie.pl\/NEW\/wp-json\/wp\/v2\/posts\/31033\/revisions\/31034"}],"wp:featuredmedia":[{"embeddable":true,"href":"http:\/\/archiwum.radiopodlasie.pl\/NEW\/wp-json\/wp\/v2\/media\/22204"}],"wp:attachment":[{"href":"http:\/\/archiwum.radiopodlasie.pl\/NEW\/wp-json\/wp\/v2\/media?parent=31033"}],"wp:term":[{"taxonomy":"category","embeddable":true,"href":"http:\/\/archiwum.radiopodlasie.pl\/NEW\/wp-json\/wp\/v2\/categories?post=31033"},{"taxonomy":"post_tag","embeddable":true,"href":"http:\/\/archiwum.radiopodlasie.pl\/NEW\/wp-json\/wp\/v2\/tags?post=31033"}],"curies":[{"name":"wp","href":"https:\/\/api.w.org\/{rel}","templated":true}]}}