{"id":31035,"date":"2026-05-02T11:00:00","date_gmt":"2026-05-02T09:00:00","guid":{"rendered":"https:\/\/archiwum.radiopodlasie.pl\/NEW\/?p=31035"},"modified":"2026-05-02T08:45:43","modified_gmt":"2026-05-02T06:45:43","slug":"rozmowa-z-krzysztofem-borkowskim-i-krzysztofem-mulawa","status":"publish","type":"post","link":"http:\/\/archiwum.radiopodlasie.pl\/NEW\/2026\/05\/02\/rozmowa-z-krzysztofem-borkowskim-i-krzysztofem-mulawa\/","title":{"rendered":"Rozmowa z Krzysztofem Borkowskim i Krzysztofem Mulaw\u0105"},"content":{"rendered":"<p>Tytu\u0142: Rozmowa z Krzysztofem Borkowskim i Krzysztofem Mulaw\u0105<\/p>\n<p>Autor: Marcin Jab\u0142kowski<br \/>Nazwa audycji:<strong><span style=\"color: #339966;\"> Porozmawiajmy jak Ludzie<\/span><\/strong><br \/>Data emisji: 02-05-2026<\/p>\n<p>Go\u015b\u0107mi dzisiejszej audycji Porozmawiajmy jak Ludzie byli: Krzysztof Borkowski (PSL) oraz Krzysztof Mulawa (Konfederacja, Ruch Narodowy). W\u015br\u00f3d poruszonych temat\u00f3w m.in. o patriotyzmie &#8211; tym wielkim w stosunku do Unii Europejskiej i tym mniejszym, przejawiaj\u0105cym si\u0119 brakiem \u015bmiecenia i kupowaniem polskich produkt\u00f3w w polskich sklepach.<br \/>Zaprasza Marcin Jab\u0142kowski.<\/p>\n\n\n<figure class=\"wp-block-image size-full\"><img loading=\"lazy\" decoding=\"async\" width=\"940\" height=\"788\" src=\"http:\/\/archiwum.radiopodlasie.pl\/NEW\/wp-content\/uploads\/2026\/05\/pjl02.jpg\" alt=\"\" class=\"wp-image-31037\" srcset=\"http:\/\/archiwum.radiopodlasie.pl\/NEW\/wp-content\/uploads\/2026\/05\/pjl02.jpg 940w, http:\/\/archiwum.radiopodlasie.pl\/NEW\/wp-content\/uploads\/2026\/05\/pjl02-300x251.jpg 300w, http:\/\/archiwum.radiopodlasie.pl\/NEW\/wp-content\/uploads\/2026\/05\/pjl02-768x644.jpg 768w\" sizes=\"auto, (max-width: 940px) 100vw, 940px\" \/><\/figure>\n\n\n\n<figure class=\"wp-block-audio\"><audio controls src=\"https:\/\/dzwieki.radiopodlasie.pl:8789\/uploads\/2026\/05\/260502_pjl2_kborkowski_kmulawa.mp3\"><\/audio><\/figure>\n\n\n\n<p><\/p>\n","protected":false},"excerpt":{"rendered":"<p>Tytu\u0142: Rozmowa z Krzysztofem Borkowskim i Krzysztofem Mulaw\u0105 Autor: Marcin Jab\u0142kowskiNazwa audycji: Porozmawiajmy jak LudzieData emisji: 02-05-2026 Go\u015b\u0107mi dzisiejszej audycji Porozmawiajmy jak Ludzie byli: Krzysztof Borkowski (PSL) oraz Krzysztof Mulawa (Konfederacja, Ruch Narodowy). W\u015br\u00f3d&#46;&#46;&#46;<\/p>\n","protected":false},"author":123459,"featured_media":18493,"comment_status":"open","ping_status":"open","sticky":false,"template":"","format":"standard","meta":{"om_disable_all_campaigns":false,"_monsterinsights_skip_tracking":false,"_monsterinsights_sitenote_active":false,"_monsterinsights_sitenote_note":"","_monsterinsights_sitenote_category":0,"footnotes":""},"categories":[323,3534],"tags":[3599,3732,202,3725],"class_list":["post-31035","post","type-post","status-publish","format-standard","has-post-thumbnail","hentry","category-audycje","category-porozmawiajmy-jak-ludzie","tag-krzysztof-mulawa","tag-krzysztof-wawrzyniec-borkowski","tag-marcin-jablkowski","tag-porozmawiajmy-jak-ludzie"],"aioseo_notices":[],"_links":{"self":[{"href":"http:\/\/archiwum.radiopodlasie.pl\/NEW\/wp-json\/wp\/v2\/posts\/31035","targetHints":{"allow":["GET"]}}],"collection":[{"href":"http:\/\/archiwum.radiopodlasie.pl\/NEW\/wp-json\/wp\/v2\/posts"}],"about":[{"href":"http:\/\/archiwum.radiopodlasie.pl\/NEW\/wp-json\/wp\/v2\/types\/post"}],"author":[{"embeddable":true,"href":"http:\/\/archiwum.radiopodlasie.pl\/NEW\/wp-json\/wp\/v2\/users\/123459"}],"replies":[{"embeddable":true,"href":"http:\/\/archiwum.radiopodlasie.pl\/NEW\/wp-json\/wp\/v2\/comments?post=31035"}],"version-history":[{"count":2,"href":"http:\/\/archiwum.radiopodlasie.pl\/NEW\/wp-json\/wp\/v2\/posts\/31035\/revisions"}],"predecessor-version":[{"id":31038,"href":"http:\/\/archiwum.radiopodlasie.pl\/NEW\/wp-json\/wp\/v2\/posts\/31035\/revisions\/31038"}],"wp:featuredmedia":[{"embeddable":true,"href":"http:\/\/archiwum.radiopodlasie.pl\/NEW\/wp-json\/wp\/v2\/media\/18493"}],"wp:attachment":[{"href":"http:\/\/archiwum.radiopodlasie.pl\/NEW\/wp-json\/wp\/v2\/media?parent=31035"}],"wp:term":[{"taxonomy":"category","embeddable":true,"href":"http:\/\/archiwum.radiopodlasie.pl\/NEW\/wp-json\/wp\/v2\/categories?post=31035"},{"taxonomy":"post_tag","embeddable":true,"href":"http:\/\/archiwum.radiopodlasie.pl\/NEW\/wp-json\/wp\/v2\/tags?post=31035"}],"curies":[{"name":"wp","href":"https:\/\/api.w.org\/{rel}","templated":true}]}}