{"id":31041,"date":"2026-05-03T09:56:00","date_gmt":"2026-05-03T07:56:00","guid":{"rendered":"https:\/\/archiwum.radiopodlasie.pl\/NEW\/?p=31041"},"modified":"2026-05-03T10:57:15","modified_gmt":"2026-05-03T08:57:15","slug":"czytania-na-v-niedziele-wielkanocna-4","status":"publish","type":"post","link":"http:\/\/archiwum.radiopodlasie.pl\/NEW\/2026\/05\/03\/czytania-na-v-niedziele-wielkanocna-4\/","title":{"rendered":"Czytania na V NIEDZIEL\u0118 WIELKANOCN\u0104"},"content":{"rendered":"\n<p>Tytu\u0142<strong>: Czytania na V NIEDZIEL\u0118 WIELKANOCN\u0104<\/strong><\/p>\n\n\n\n<p>Autor: <strong>Joanna Kuczborska,<\/strong> ks. \u0141ukasz Ka\u0142aska<\/p>\n\n\n\n<p><strong><span style=\"color: #339966\">Nazwa audycji: Katolik w \u015bwiecie &#8211; instrukcja obs\u0142ugi<\/span><\/strong><\/p>\n\n\n\n<p><\/p>\n\n\n\n<p>Data emisji: 03-05-2026 r.<\/p>\n\n\n\n<p>\u00abNie jest rzecz\u0105 s\u0142uszn\u0105, aby\u015bmy zaniedbali s\u0142owo Bo\u017ce, a obs\u0142ugiwali sto\u0142y. Upatrzcie zatem, bracia, siedmiu m\u0119\u017c\u00f3w spo\u015br\u00f3d siebie, ciesz\u0105cych si\u0119 dobr\u0105 s\u0142aw\u0105, pe\u0142nych Ducha i m\u0105dro\u015bci. Im zlecimy to zadanie. My za\u015b oddamy si\u0119 wy\u0142\u0105cznie modlitwie i pos\u0142udze s\u0142owa\u00bb.<br>\u00abOto k\u0142ad\u0119 na Syjonie kamie\u0144 w\u0119gielny, wybrany, drogocenny, a kto wierzy w niego, na pewno nie zostanie zawiedziony\u00bb.<br>\u00abNiech si\u0119 nie trwo\u017cy serce wasze. Wierzycie w Boga? I we Mnie wierzcie! W domu Ojca mego jest mieszka\u0144 wiele. Gdyby tak nie by\u0142o, to bym wam. Id\u0119 przygotowa\u0107 wam miejsce. A gdy odejd\u0119 i przygotuj\u0119 wam miejsce, przyjd\u0119 powt\u00f3rnie i zabior\u0119 was do siebie, aby\u015bcie i wy byli tam, gdzie Ja jestem. Znacie drog\u0119, dok\u0105d Ja id\u0119\u00bb.<\/p>\n\n\n\n<figure class=\"wp-block-audio\"><audio controls src=\"https:\/\/dzwieki.radiopodlasie.pl:8789\/uploads\/2026\/05\/260503_katolik_JK_xKalaska.mp3\"><\/audio><\/figure>\n","protected":false},"excerpt":{"rendered":"<p>Tytu\u0142: Czytania na V NIEDZIEL\u0118 WIELKANOCN\u0104 Autor: Joanna Kuczborska, ks. \u0141ukasz Ka\u0142aska Nazwa audycji: Katolik w \u015bwiecie &#8211; instrukcja obs\u0142ugi Data emisji: 03-05-2026 r. \u00abNie jest rzecz\u0105 s\u0142uszn\u0105, aby\u015bmy zaniedbali s\u0142owo Bo\u017ce, a obs\u0142ugiwali&#46;&#46;&#46;<\/p>\n","protected":false},"author":123459,"featured_media":5933,"comment_status":"open","ping_status":"open","sticky":false,"template":"","format":"standard","meta":{"om_disable_all_campaigns":false,"_monsterinsights_skip_tracking":false,"_monsterinsights_sitenote_active":false,"_monsterinsights_sitenote_note":"","_monsterinsights_sitenote_category":0,"footnotes":""},"categories":[1700],"tags":[1809,85],"class_list":["post-31041","post","type-post","status-publish","format-standard","has-post-thumbnail","hentry","category-katolik-w-swiecie-instrukcja-obslugi","tag-katolik","tag-niedziela"],"aioseo_notices":[],"_links":{"self":[{"href":"http:\/\/archiwum.radiopodlasie.pl\/NEW\/wp-json\/wp\/v2\/posts\/31041","targetHints":{"allow":["GET"]}}],"collection":[{"href":"http:\/\/archiwum.radiopodlasie.pl\/NEW\/wp-json\/wp\/v2\/posts"}],"about":[{"href":"http:\/\/archiwum.radiopodlasie.pl\/NEW\/wp-json\/wp\/v2\/types\/post"}],"author":[{"embeddable":true,"href":"http:\/\/archiwum.radiopodlasie.pl\/NEW\/wp-json\/wp\/v2\/users\/123459"}],"replies":[{"embeddable":true,"href":"http:\/\/archiwum.radiopodlasie.pl\/NEW\/wp-json\/wp\/v2\/comments?post=31041"}],"version-history":[{"count":1,"href":"http:\/\/archiwum.radiopodlasie.pl\/NEW\/wp-json\/wp\/v2\/posts\/31041\/revisions"}],"predecessor-version":[{"id":31042,"href":"http:\/\/archiwum.radiopodlasie.pl\/NEW\/wp-json\/wp\/v2\/posts\/31041\/revisions\/31042"}],"wp:featuredmedia":[{"embeddable":true,"href":"http:\/\/archiwum.radiopodlasie.pl\/NEW\/wp-json\/wp\/v2\/media\/5933"}],"wp:attachment":[{"href":"http:\/\/archiwum.radiopodlasie.pl\/NEW\/wp-json\/wp\/v2\/media?parent=31041"}],"wp:term":[{"taxonomy":"category","embeddable":true,"href":"http:\/\/archiwum.radiopodlasie.pl\/NEW\/wp-json\/wp\/v2\/categories?post=31041"},{"taxonomy":"post_tag","embeddable":true,"href":"http:\/\/archiwum.radiopodlasie.pl\/NEW\/wp-json\/wp\/v2\/tags?post=31041"}],"curies":[{"name":"wp","href":"https:\/\/api.w.org\/{rel}","templated":true}]}}