{"id":32892,"date":"2026-08-30T09:55:00","date_gmt":"2026-08-30T07:55:00","guid":{"rendered":"https:\/\/archiwum.radiopodlasie.pl\/NEW\/?p=32892"},"modified":"2026-08-28T17:37:33","modified_gmt":"2026-08-28T15:37:33","slug":"czytania-na-xxii-niedziele-zwykla-4","status":"publish","type":"post","link":"http:\/\/archiwum.radiopodlasie.pl\/NEW\/2026\/08\/30\/czytania-na-xxii-niedziele-zwykla-4\/","title":{"rendered":"Czytania na XXII NIEDZIEL\u0118 ZWYK\u0141\u0104"},"content":{"rendered":"\n<p>Tytu\u0142<strong>: Czytania na XXII NIEDZIEL\u0118 ZWYK\u0141\u0104<\/strong><\/p>\n\n\n\n<p>Autor: <strong>Joanna Kuczborska,<\/strong> ks. Piotr Pielak<\/p>\n\n\n\n<p><strong><span style=\"color: #339966\">Nazwa audycji: Katolik w \u015bwiecie &#8211; instrukcja obs\u0142ugi<\/span><\/strong><\/p>\n\n\n\n<p><\/p>\n\n\n\n<p>Data emisji: 30-08-2026 r.<\/p>\n\n\n\n<p>Jr 20,7\u20139 Ps 63 Rz 12,1\u20132 Mt 16,21\u201327<br>\u201eUwiod\u0142e\u015b mnie, Panie, a ja pozwoli\u0142em si\u0119 uwie\u015b\u0107; ujarzmi\u0142e\u015b mnie i przemog\u0142e\u015b. (..) Czyni\u0142em wysi\u0142ki, by go st\u0142umi\u0107, lecz nie potrafi\u0142em\u201d.<br>Ciebie, m\u00f3j Bo\u017ce, pragnie moja dusza.<br>\u201eNie bierzcie wi\u0119c wzoru z tego \u015bwiata, lecz przemieniajcie si\u0119 przez odnawianie umys\u0142u, aby\u015bcie umieli rozpozna\u0107, jaka jest wola Bo\u017ca: co jest dobre, co Bogu mi\u0142e i co doskona\u0142e\u201d.<br>\u201eA Piotr wzi\u0105\u0142 Go na bok i pocz\u0105\u0142 robi\u0107 Mu wyrzuty: \u00abPanie, niech Ci\u0119 B\u00f3g broni! Nie przyjdzie to nigdy na Ciebie\u00bb. Lecz On odwr\u00f3ci\u0142 si\u0119 i rzek\u0142 do Piotra: \u00abZejd\u017a Mi z oczu, szatanie! Jeste\u015b Mi zawad\u0105, bo nie my\u015blisz po Bo\u017cemu, lecz po ludzku\u00bb.<\/p>\n\n\n\n<figure class=\"wp-block-audio\"><audio controls src=\"https:\/\/dzwieki.radiopodlasie.pl:8789\/uploads\/2026\/08\/260830_katolikJK_xPielak.mp3\"><\/audio><\/figure>\n\n\n\n<p><\/p>\n","protected":false},"excerpt":{"rendered":"<p>Tytu\u0142: Czytania na XXII NIEDZIEL\u0118 ZWYK\u0141\u0104 Autor: Joanna Kuczborska, ks. Piotr Pielak Nazwa audycji: Katolik w \u015bwiecie &#8211; instrukcja obs\u0142ugi Data emisji: 30-08-2026 r. Jr 20,7\u20139 Ps 63 Rz 12,1\u20132 Mt 16,21\u201327\u201eUwiod\u0142e\u015b mnie, Panie,&#46;&#46;&#46;<\/p>\n","protected":false},"author":123459,"featured_media":5933,"comment_status":"open","ping_status":"open","sticky":false,"template":"","format":"standard","meta":{"om_disable_all_campaigns":false,"_monsterinsights_skip_tracking":false,"footnotes":""},"categories":[1700],"tags":[1809,85],"class_list":["post-32892","post","type-post","status-publish","format-standard","has-post-thumbnail","hentry","category-katolik-w-swiecie-instrukcja-obslugi","tag-katolik","tag-niedziela"],"aioseo_notices":[],"_links":{"self":[{"href":"http:\/\/archiwum.radiopodlasie.pl\/NEW\/wp-json\/wp\/v2\/posts\/32892","targetHints":{"allow":["GET"]}}],"collection":[{"href":"http:\/\/archiwum.radiopodlasie.pl\/NEW\/wp-json\/wp\/v2\/posts"}],"about":[{"href":"http:\/\/archiwum.radiopodlasie.pl\/NEW\/wp-json\/wp\/v2\/types\/post"}],"author":[{"embeddable":true,"href":"http:\/\/archiwum.radiopodlasie.pl\/NEW\/wp-json\/wp\/v2\/users\/123459"}],"replies":[{"embeddable":true,"href":"http:\/\/archiwum.radiopodlasie.pl\/NEW\/wp-json\/wp\/v2\/comments?post=32892"}],"version-history":[{"count":3,"href":"http:\/\/archiwum.radiopodlasie.pl\/NEW\/wp-json\/wp\/v2\/posts\/32892\/revisions"}],"predecessor-version":[{"id":32895,"href":"http:\/\/archiwum.radiopodlasie.pl\/NEW\/wp-json\/wp\/v2\/posts\/32892\/revisions\/32895"}],"wp:featuredmedia":[{"embeddable":true,"href":"http:\/\/archiwum.radiopodlasie.pl\/NEW\/wp-json\/wp\/v2\/media\/5933"}],"wp:attachment":[{"href":"http:\/\/archiwum.radiopodlasie.pl\/NEW\/wp-json\/wp\/v2\/media?parent=32892"}],"wp:term":[{"taxonomy":"category","embeddable":true,"href":"http:\/\/archiwum.radiopodlasie.pl\/NEW\/wp-json\/wp\/v2\/categories?post=32892"},{"taxonomy":"post_tag","embeddable":true,"href":"http:\/\/archiwum.radiopodlasie.pl\/NEW\/wp-json\/wp\/v2\/tags?post=32892"}],"curies":[{"name":"wp","href":"https:\/\/api.w.org\/{rel}","templated":true}]}}