{"id":32907,"date":"2026-08-29T08:59:00","date_gmt":"2026-08-29T06:59:00","guid":{"rendered":"https:\/\/archiwum.radiopodlasie.pl\/NEW\/?p=32907"},"modified":"2026-08-31T08:07:45","modified_gmt":"2026-08-31T06:07:45","slug":"audycja-z-polszczyzna-na-ty-z-29-sierpnia-2026","status":"publish","type":"post","link":"http:\/\/archiwum.radiopodlasie.pl\/NEW\/2026\/08\/29\/audycja-z-polszczyzna-na-ty-z-29-sierpnia-2026\/","title":{"rendered":"Audycja &#8222;Z polszczyzn\u0105 na Ty&#8221; z 29 sierpnia 2026"},"content":{"rendered":"<p>Tytu\u0142: Audycja &#8222;Z polszczyzn\u0105 na Ty&#8221; z 29 sierpnia 2026<\/p>\n<p>Autor<strong>: Wies\u0142awa Kwiek<\/strong><\/p>\n<p>Nazwa audycji: <strong>Z polszczyzn\u0105 na Ty<\/strong><br \/>Data emisji: 29-08-2026<\/p>\n<p>Czy zdarza nam si\u0119 m\u00f3wi\u0107 niepoprawnie, cho\u0107 jeste\u015bmy przekonani, \u017ce u\u017cywamy w\u0142a\u015bciwych s\u0142\u00f3w i konstrukcji? Potkni\u0119cia j\u0119zykowe, b\u0142\u0119dy gramatyczne, stylistyczne i sk\u0142adniowe \u2013 w\u0142a\u015bnie im przyjrzymy si\u0119 w audycji \u201eZ polszczyzn\u0105 na Ty\u201d. Wies\u0142awa Kwiek podpowie, jak unika\u0107 najcz\u0119stszych j\u0119zykowych pu\u0142apek i m\u00f3wi\u0107 oraz pisa\u0107 poprawnie, jasno i elegancko. Zapraszamy!<\/p>\n\n\n<figure class=\"wp-block-audio\"><audio controls src=\"https:\/\/dzwieki.radiopodlasie.pl:8789\/uploads\/2026\/08\/260829_pkry_z_polszczyzna_na_ty_2908.mp3\"><\/audio><\/figure>\n\n\n\n<p><\/p>\n","protected":false},"excerpt":{"rendered":"<p>Tytu\u0142: Audycja &#8222;Z polszczyzn\u0105 na Ty&#8221; z 29 sierpnia 2026 Autor: Wies\u0142awa Kwiek Nazwa audycji: Z polszczyzn\u0105 na TyData emisji: 29-08-2026 Czy zdarza nam si\u0119 m\u00f3wi\u0107 niepoprawnie, cho\u0107 jeste\u015bmy przekonani, \u017ce u\u017cywamy w\u0142a\u015bciwych s\u0142\u00f3w&#46;&#46;&#46;<\/p>\n","protected":false},"author":123459,"featured_media":26760,"comment_status":"open","ping_status":"open","sticky":false,"template":"","format":"standard","meta":{"om_disable_all_campaigns":false,"_monsterinsights_skip_tracking":false,"footnotes":""},"categories":[4139],"tags":[2701,4140],"class_list":["post-32907","post","type-post","status-publish","format-standard","has-post-thumbnail","hentry","category-z-polszczyzna-na-ty","tag-wieslawa-kwiek","tag-z-polszczyzna-na-ty"],"aioseo_notices":[],"_links":{"self":[{"href":"http:\/\/archiwum.radiopodlasie.pl\/NEW\/wp-json\/wp\/v2\/posts\/32907","targetHints":{"allow":["GET"]}}],"collection":[{"href":"http:\/\/archiwum.radiopodlasie.pl\/NEW\/wp-json\/wp\/v2\/posts"}],"about":[{"href":"http:\/\/archiwum.radiopodlasie.pl\/NEW\/wp-json\/wp\/v2\/types\/post"}],"author":[{"embeddable":true,"href":"http:\/\/archiwum.radiopodlasie.pl\/NEW\/wp-json\/wp\/v2\/users\/123459"}],"replies":[{"embeddable":true,"href":"http:\/\/archiwum.radiopodlasie.pl\/NEW\/wp-json\/wp\/v2\/comments?post=32907"}],"version-history":[{"count":1,"href":"http:\/\/archiwum.radiopodlasie.pl\/NEW\/wp-json\/wp\/v2\/posts\/32907\/revisions"}],"predecessor-version":[{"id":32908,"href":"http:\/\/archiwum.radiopodlasie.pl\/NEW\/wp-json\/wp\/v2\/posts\/32907\/revisions\/32908"}],"wp:featuredmedia":[{"embeddable":true,"href":"http:\/\/archiwum.radiopodlasie.pl\/NEW\/wp-json\/wp\/v2\/media\/26760"}],"wp:attachment":[{"href":"http:\/\/archiwum.radiopodlasie.pl\/NEW\/wp-json\/wp\/v2\/media?parent=32907"}],"wp:term":[{"taxonomy":"category","embeddable":true,"href":"http:\/\/archiwum.radiopodlasie.pl\/NEW\/wp-json\/wp\/v2\/categories?post=32907"},{"taxonomy":"post_tag","embeddable":true,"href":"http:\/\/archiwum.radiopodlasie.pl\/NEW\/wp-json\/wp\/v2\/tags?post=32907"}],"curies":[{"name":"wp","href":"https:\/\/api.w.org\/{rel}","templated":true}]}}