{"id":32911,"date":"2026-08-29T10:19:00","date_gmt":"2026-08-29T08:19:00","guid":{"rendered":"https:\/\/archiwum.radiopodlasie.pl\/NEW\/?p=32911"},"modified":"2026-08-31T08:22:41","modified_gmt":"2026-08-31T06:22:41","slug":"rozmowa-z-pawlem-krysiakiem","status":"publish","type":"post","link":"http:\/\/archiwum.radiopodlasie.pl\/NEW\/2026\/08\/29\/rozmowa-z-pawlem-krysiakiem\/","title":{"rendered":"Rozmowa z Paw\u0142em Krysiakiem"},"content":{"rendered":"<p>Tytu\u0142: <strong>Rozmowa z Paw\u0142em Krysiakiem<\/strong><\/p>\n<p>Autor: Pawe\u0142 Kryszczuk<\/p>\n<p>Nazwa audycji: <strong><span style=\"color: #339966;\">Wywiady, Go\u015b\u0107 Wolnej Soboty<\/span><\/strong><br \/>Data emisji: 29-08-2026<\/p>\n<p>Klocki mog\u0105 by\u0107 nie tylko zabaw\u0105 z dzieci\u0144stwa, ale tak\u017ce pasj\u0105, kt\u00f3ra rozwija si\u0119 przez ca\u0142e \u017cycie. Pawe\u0142 Krysiak, doros\u0142y pasjonat klock\u00f3w, od najm\u0142odszych lat buduje, tworzy i rozwija swoje kolekcje, a dzi\u015b swoje konstrukcje prezentuje podczas wystaw i festiwali.<br \/>W rozmowie z Paw\u0142em Kryszczukiem opowiada o pocz\u0105tkach swojej pasji, powstawaniu du\u017cych i wymagaj\u0105cych makiet, ulubionych zestawach oraz kulisach przygotowa\u0144 do wystaw. Nie zabraknie te\u017c odpowiedzi na pytanie, dlaczego klocki tak mocno przyci\u0105gaj\u0105 doros\u0142ych i czy budowanie mo\u017ce by\u0107 sposobem na odpoczynek i rozwijanie kreatywno\u015bci.<br \/>Jak wygl\u0105da \u015bwiat klock\u00f3w oczami doros\u0142ego konstruktora i co szczeg\u00f3lnie warto zobaczy\u0107 podczas Festiwalu \u201ePodlaskie z Klock\u00f3w\u201d? Zapraszamy do wys\u0142uchania rozmowy Paw\u0142a Kryszczuka z Paw\u0142em Krysiakiem.<\/p>\n\n\n<figure class=\"wp-block-image size-large\"><img loading=\"lazy\" decoding=\"async\" width=\"1024\" height=\"1024\" src=\"http:\/\/archiwum.radiopodlasie.pl\/NEW\/wp-content\/uploads\/2026\/08\/gws_2908-1024x1024.jpg\" alt=\"\" class=\"wp-image-32913\" srcset=\"http:\/\/archiwum.radiopodlasie.pl\/NEW\/wp-content\/uploads\/2026\/08\/gws_2908-1024x1024.jpg 1024w, http:\/\/archiwum.radiopodlasie.pl\/NEW\/wp-content\/uploads\/2026\/08\/gws_2908-300x300.jpg 300w, http:\/\/archiwum.radiopodlasie.pl\/NEW\/wp-content\/uploads\/2026\/08\/gws_2908-150x150.jpg 150w, http:\/\/archiwum.radiopodlasie.pl\/NEW\/wp-content\/uploads\/2026\/08\/gws_2908-768x768.jpg 768w, http:\/\/archiwum.radiopodlasie.pl\/NEW\/wp-content\/uploads\/2026\/08\/gws_2908-70x70.jpg 70w, http:\/\/archiwum.radiopodlasie.pl\/NEW\/wp-content\/uploads\/2026\/08\/gws_2908-80x80.jpg 80w, http:\/\/archiwum.radiopodlasie.pl\/NEW\/wp-content\/uploads\/2026\/08\/gws_2908-320x320.jpg 320w, http:\/\/archiwum.radiopodlasie.pl\/NEW\/wp-content\/uploads\/2026\/08\/gws_2908-250x250.jpg 250w, http:\/\/archiwum.radiopodlasie.pl\/NEW\/wp-content\/uploads\/2026\/08\/gws_2908.jpg 1080w\" sizes=\"auto, (max-width: 1024px) 100vw, 1024px\" \/><\/figure>\n\n\n\n<figure class=\"wp-block-audio\"><audio controls src=\"https:\/\/dzwieki.radiopodlasie.pl:8789\/uploads\/2026\/08\/260829_pkry_gws_pawel_krysiak_lego.mp3\"><\/audio><\/figure>\n","protected":false},"excerpt":{"rendered":"<p>Tytu\u0142: Rozmowa z Paw\u0142em Krysiakiem Autor: Pawe\u0142 Kryszczuk Nazwa audycji: Wywiady, Go\u015b\u0107 Wolnej SobotyData emisji: 29-08-2026 Klocki mog\u0105 by\u0107 nie tylko zabaw\u0105 z dzieci\u0144stwa, ale tak\u017ce pasj\u0105, kt\u00f3ra rozwija si\u0119 przez ca\u0142e \u017cycie. Pawe\u0142&#46;&#46;&#46;<\/p>\n","protected":false},"author":123459,"featured_media":6247,"comment_status":"open","ping_status":"open","sticky":false,"template":"","format":"standard","meta":{"om_disable_all_campaigns":false,"_monsterinsights_skip_tracking":false,"footnotes":""},"categories":[3536,567,320],"tags":[3729,4836,294],"class_list":["post-32911","post","type-post","status-publish","format-standard","has-post-thumbnail","hentry","category-gosc-wolnej-soboty","category-pawel-kryszczuk","category-wywiady","tag-klocki-lego","tag-pawel-krysiak","tag-pawel-kryszczuk"],"aioseo_notices":[],"_links":{"self":[{"href":"http:\/\/archiwum.radiopodlasie.pl\/NEW\/wp-json\/wp\/v2\/posts\/32911","targetHints":{"allow":["GET"]}}],"collection":[{"href":"http:\/\/archiwum.radiopodlasie.pl\/NEW\/wp-json\/wp\/v2\/posts"}],"about":[{"href":"http:\/\/archiwum.radiopodlasie.pl\/NEW\/wp-json\/wp\/v2\/types\/post"}],"author":[{"embeddable":true,"href":"http:\/\/archiwum.radiopodlasie.pl\/NEW\/wp-json\/wp\/v2\/users\/123459"}],"replies":[{"embeddable":true,"href":"http:\/\/archiwum.radiopodlasie.pl\/NEW\/wp-json\/wp\/v2\/comments?post=32911"}],"version-history":[{"count":2,"href":"http:\/\/archiwum.radiopodlasie.pl\/NEW\/wp-json\/wp\/v2\/posts\/32911\/revisions"}],"predecessor-version":[{"id":32914,"href":"http:\/\/archiwum.radiopodlasie.pl\/NEW\/wp-json\/wp\/v2\/posts\/32911\/revisions\/32914"}],"wp:featuredmedia":[{"embeddable":true,"href":"http:\/\/archiwum.radiopodlasie.pl\/NEW\/wp-json\/wp\/v2\/media\/6247"}],"wp:attachment":[{"href":"http:\/\/archiwum.radiopodlasie.pl\/NEW\/wp-json\/wp\/v2\/media?parent=32911"}],"wp:term":[{"taxonomy":"category","embeddable":true,"href":"http:\/\/archiwum.radiopodlasie.pl\/NEW\/wp-json\/wp\/v2\/categories?post=32911"},{"taxonomy":"post_tag","embeddable":true,"href":"http:\/\/archiwum.radiopodlasie.pl\/NEW\/wp-json\/wp\/v2\/tags?post=32911"}],"curies":[{"name":"wp","href":"https:\/\/api.w.org\/{rel}","templated":true}]}}