{"id":32917,"date":"2026-08-29T14:41:00","date_gmt":"2026-08-29T12:41:00","guid":{"rendered":"https:\/\/archiwum.radiopodlasie.pl\/NEW\/?p=32917"},"modified":"2026-08-31T09:11:20","modified_gmt":"2026-08-31T07:11:20","slug":"jubileuszowa-pielgrzymka-czlonkow-kol-zywego-rozanca-z-diecezji-siedleckiej-w-lesnej-podlaskiej-homilia","status":"publish","type":"post","link":"http:\/\/archiwum.radiopodlasie.pl\/NEW\/2026\/08\/29\/jubileuszowa-pielgrzymka-czlonkow-kol-zywego-rozanca-z-diecezji-siedleckiej-w-lesnej-podlaskiej-homilia\/","title":{"rendered":"Jubileuszowa pielgrzymka cz\u0142onk\u00f3w K\u00f3\u0142 \u017bywego R\u00f3\u017ca\u0144ca z diecezji siedleckiej w Le\u015bnej Podlaskiej. Homilia"},"content":{"rendered":"<p>Tytu\u0142: Jubileuszowa pielgrzymka cz\u0142onk\u00f3w K\u00f3\u0142 \u017bywego R\u00f3\u017ca\u0144ca z diecezji siedleckiej w Le\u015bnej Podlaskiej. Homilia<\/p>\n<p>Autor: Arcybiskup Stanis\u0142aw Budzik<\/p>\n<p>Nazwa audycji:<strong><span style=\"color: #339966;\"> Homilie<\/span><\/strong><br \/>Data emisji: 29-08-2026<\/p>\n<p>W sobot\u0119 29 sierpnia 2026 w Sanktuarium Matki Bo\u017cej Le\u015bnia\u0144skiej w Le\u015bnej Podlaskiej odby\u0142y si\u0119 centralne uroczysto\u015bci diecezjalne zwi\u0105zane z jubileuszem 200-lecia powstania Stowarzyszenia \u201e\u017bywy R\u00f3\u017caniec\u201d. Spotkanie odby\u0142o si\u0119 pod has\u0142em \u201eJeste\u015bmy po to, by kocha\u0107 i dzia\u0142a\u0107\u201d.<br \/>Do Le\u015bnej Podlaskiej przybyli cz\u0142onkowie K\u00f3\u0142 \u017bywego R\u00f3\u017ca\u0144ca z ca\u0142ej diecezji siedleckiej. Jubileuszowa pielgrzymka jest czasem wsp\u00f3lnej modlitwy, formacji i dzi\u0119kczynienia za dwa wieki istnienia wsp\u00f3lnoty.<br \/>Centralnym punktem uroczysto\u015bci by\u0142a Msza \u015awi\u0119ta o godz. 13:00 pod przewodnictwem abp. Stanis\u0142awa Budzika, metropolity lubelskiego.<br \/>Tegoroczna pielgrzymka odby\u0142a si\u0119 w roku jubileuszu 200-lecia za\u0142o\u017cenia \u017bywego R\u00f3\u017ca\u0144ca przez b\u0142. Paulin\u0119 Jaricot. W diecezji siedleckiej Ko\u0142a \u017bywego R\u00f3\u017ca\u0144ca istniej\u0105 we wszystkich parafiach. Obecnie dzia\u0142a 3104 k\u00f3\u0142: 3061 skupiaj\u0105cych osoby doros\u0142e oraz 43 ko\u0142a dzieci\u0119ce i m\u0142odzie\u017cowe. \u0141\u0105cznie nale\u017cy do nich 53 797 os\u00f3b, w tym 772 dzieci i m\u0142odych ludzi.<\/p>\n\n\n<figure class=\"wp-block-image size-large\"><img loading=\"lazy\" decoding=\"async\" width=\"1024\" height=\"683\" src=\"https:\/\/archiwum.radiopodlasie.pl\/NEW\/wp-content\/uploads\/2026\/08\/budzik3-1024x683.jpg\" alt=\"\" class=\"wp-image-32919\" srcset=\"http:\/\/archiwum.radiopodlasie.pl\/NEW\/wp-content\/uploads\/2026\/08\/budzik3-1024x683.jpg 1024w, http:\/\/archiwum.radiopodlasie.pl\/NEW\/wp-content\/uploads\/2026\/08\/budzik3-300x200.jpg 300w, http:\/\/archiwum.radiopodlasie.pl\/NEW\/wp-content\/uploads\/2026\/08\/budzik3-768x512.jpg 768w, http:\/\/archiwum.radiopodlasie.pl\/NEW\/wp-content\/uploads\/2026\/08\/budzik3.jpg 1152w\" sizes=\"auto, (max-width: 1024px) 100vw, 1024px\" \/><\/figure>\n\n\n\n<figure class=\"wp-block-audio\"><audio controls src=\"https:\/\/dzwieki.radiopodlasie.pl:8789\/uploads\/2026\/08\/260829_200lat_zywego_rozanca_lesna_abp_budzik_homilia.mp3\"><\/audio><\/figure>\n","protected":false},"excerpt":{"rendered":"<p>Tytu\u0142: Jubileuszowa pielgrzymka cz\u0142onk\u00f3w K\u00f3\u0142 \u017bywego R\u00f3\u017ca\u0144ca z diecezji siedleckiej w Le\u015bnej Podlaskiej. Homilia Autor: Arcybiskup Stanis\u0142aw Budzik Nazwa audycji: HomilieData emisji: 29-08-2026 W sobot\u0119 29 sierpnia 2026 w Sanktuarium Matki Bo\u017cej Le\u015bnia\u0144skiej w&#46;&#46;&#46;<\/p>\n","protected":false},"author":123459,"featured_media":32920,"comment_status":"open","ping_status":"open","sticky":false,"template":"","format":"standard","meta":{"om_disable_all_campaigns":false,"_monsterinsights_skip_tracking":false,"footnotes":""},"categories":[334],"tags":[71,694,630],"class_list":["post-32917","post","type-post","status-publish","format-standard","has-post-thumbnail","hentry","category-homilie","tag-homilia","tag-kosciol","tag-lesna-podlaska"],"aioseo_notices":[],"_links":{"self":[{"href":"http:\/\/archiwum.radiopodlasie.pl\/NEW\/wp-json\/wp\/v2\/posts\/32917","targetHints":{"allow":["GET"]}}],"collection":[{"href":"http:\/\/archiwum.radiopodlasie.pl\/NEW\/wp-json\/wp\/v2\/posts"}],"about":[{"href":"http:\/\/archiwum.radiopodlasie.pl\/NEW\/wp-json\/wp\/v2\/types\/post"}],"author":[{"embeddable":true,"href":"http:\/\/archiwum.radiopodlasie.pl\/NEW\/wp-json\/wp\/v2\/users\/123459"}],"replies":[{"embeddable":true,"href":"http:\/\/archiwum.radiopodlasie.pl\/NEW\/wp-json\/wp\/v2\/comments?post=32917"}],"version-history":[{"count":2,"href":"http:\/\/archiwum.radiopodlasie.pl\/NEW\/wp-json\/wp\/v2\/posts\/32917\/revisions"}],"predecessor-version":[{"id":32921,"href":"http:\/\/archiwum.radiopodlasie.pl\/NEW\/wp-json\/wp\/v2\/posts\/32917\/revisions\/32921"}],"wp:featuredmedia":[{"embeddable":true,"href":"http:\/\/archiwum.radiopodlasie.pl\/NEW\/wp-json\/wp\/v2\/media\/32920"}],"wp:attachment":[{"href":"http:\/\/archiwum.radiopodlasie.pl\/NEW\/wp-json\/wp\/v2\/media?parent=32917"}],"wp:term":[{"taxonomy":"category","embeddable":true,"href":"http:\/\/archiwum.radiopodlasie.pl\/NEW\/wp-json\/wp\/v2\/categories?post=32917"},{"taxonomy":"post_tag","embeddable":true,"href":"http:\/\/archiwum.radiopodlasie.pl\/NEW\/wp-json\/wp\/v2\/tags?post=32917"}],"curies":[{"name":"wp","href":"https:\/\/api.w.org\/{rel}","templated":true}]}}