{"id":32922,"date":"2026-08-29T15:35:00","date_gmt":"2026-08-29T13:35:00","guid":{"rendered":"https:\/\/archiwum.radiopodlasie.pl\/NEW\/?p=32922"},"modified":"2026-08-31T10:37:32","modified_gmt":"2026-08-31T08:37:32","slug":"jak-dozynki-to-oczywiscie-witacze","status":"publish","type":"post","link":"http:\/\/archiwum.radiopodlasie.pl\/NEW\/2026\/08\/29\/jak-dozynki-to-oczywiscie-witacze\/","title":{"rendered":"Jak do\u017cynki, to oczywi\u015bcie witacze!"},"content":{"rendered":"<p>Tytu\u0142<strong>: Jak do\u017cynki, to oczywi\u015bcie witacze!<br \/><\/strong><\/p>\n<p>Autor: Agnieszka Bolewska-Iwaniuk<\/p>\n<p>Nazwa audycji: <strong><span style=\"color: #339966;\">Wywiady, Kultura na fali<\/span><\/strong><br \/>Data emisji: 29-08-2026<\/p>\n<p>22 sierpnia 2026r. w Do\u0142ubowie podczas Do\u017cynek Wojew\u00f3dzkich po\u0142\u0105czonych z Powiatowym Przegl\u0105dem K\u00f3\u0142 Gospody\u0144 Wiejskich i Dniem Dziadkowic, grupa OSP Dziadkowice zdoby\u0142a nagrod\u0119 W\u00f3jta Gminy Dziadkowice za najbardziej pomys\u0142owy do\u017cynkowy witacz.<br \/>O tym, jak powstawa\u0142, sk\u0105d wzi\u0105\u0142 si\u0119 pomys\u0142 i ile pracy oraz zaanga\u017cowania wymaga\u0142o jego przygotowanie, z autorkami witacza rozmawia\u0142a Agnieszka Bolewska-Iwaniuk.<br \/>Bo witacz to co\u015b wi\u0119cej ni\u017c dekoracja ze s\u0142omy czy siana. To przede wszystkim kreatywno\u015b\u0107, pomys\u0142owo\u015b\u0107, wsp\u00f3lna praca i integracja. To tak\u017ce pi\u0119kny przyk\u0142ad tego, jak dzi\u0119ki zaanga\u017cowaniu mieszka\u0144c\u00f3w tradycja mo\u017ce zyska\u0107 nowoczesn\u0105 i niezwykle efektown\u0105 form\u0119. Pos\u0142uchajmy&#8230;<\/p>\n\n\n<figure class=\"wp-block-image size-full\"><img loading=\"lazy\" decoding=\"async\" width=\"2048\" height=\"1365\" src=\"http:\/\/archiwum.radiopodlasie.pl\/NEW\/wp-content\/uploads\/2026\/08\/0MiZBfs7.jpg\" alt=\"\" class=\"wp-image-32924\" srcset=\"http:\/\/archiwum.radiopodlasie.pl\/NEW\/wp-content\/uploads\/2026\/08\/0MiZBfs7.jpg 2048w, http:\/\/archiwum.radiopodlasie.pl\/NEW\/wp-content\/uploads\/2026\/08\/0MiZBfs7-300x200.jpg 300w, http:\/\/archiwum.radiopodlasie.pl\/NEW\/wp-content\/uploads\/2026\/08\/0MiZBfs7-1024x683.jpg 1024w, http:\/\/archiwum.radiopodlasie.pl\/NEW\/wp-content\/uploads\/2026\/08\/0MiZBfs7-768x512.jpg 768w, http:\/\/archiwum.radiopodlasie.pl\/NEW\/wp-content\/uploads\/2026\/08\/0MiZBfs7-1536x1024.jpg 1536w\" sizes=\"auto, (max-width: 2048px) 100vw, 2048px\" \/><\/figure>\n\n\n\n<figure class=\"wp-block-audio\"><audio controls src=\"https:\/\/dzwieki.radiopodlasie.pl:8789\/uploads\/2026\/08\/260829_abol_29_witacze.mp3\"><\/audio><\/figure>\n","protected":false},"excerpt":{"rendered":"<p>Tytu\u0142: Jak do\u017cynki, to oczywi\u015bcie witacze! Autor: Agnieszka Bolewska-Iwaniuk Nazwa audycji: Wywiady, Kultura na faliData emisji: 29-08-2026 22 sierpnia 2026r. w Do\u0142ubowie podczas Do\u017cynek Wojew\u00f3dzkich po\u0142\u0105czonych z Powiatowym Przegl\u0105dem K\u00f3\u0142 Gospody\u0144 Wiejskich i Dniem&#46;&#46;&#46;<\/p>\n","protected":false},"author":123459,"featured_media":32924,"comment_status":"open","ping_status":"open","sticky":false,"template":"","format":"standard","meta":{"om_disable_all_campaigns":false,"_monsterinsights_skip_tracking":false,"footnotes":""},"categories":[360,2596,320],"tags":[201,1146,4837],"class_list":["post-32922","post","type-post","status-publish","format-standard","has-post-thumbnail","hentry","category-agnieszka-bolewska-iwaniuk","category-kultura-na-fali","category-wywiady","tag-agnieszka-bolewska-iwaniuk","tag-dozynki","tag-osp-dziadkowice"],"aioseo_notices":[],"_links":{"self":[{"href":"http:\/\/archiwum.radiopodlasie.pl\/NEW\/wp-json\/wp\/v2\/posts\/32922","targetHints":{"allow":["GET"]}}],"collection":[{"href":"http:\/\/archiwum.radiopodlasie.pl\/NEW\/wp-json\/wp\/v2\/posts"}],"about":[{"href":"http:\/\/archiwum.radiopodlasie.pl\/NEW\/wp-json\/wp\/v2\/types\/post"}],"author":[{"embeddable":true,"href":"http:\/\/archiwum.radiopodlasie.pl\/NEW\/wp-json\/wp\/v2\/users\/123459"}],"replies":[{"embeddable":true,"href":"http:\/\/archiwum.radiopodlasie.pl\/NEW\/wp-json\/wp\/v2\/comments?post=32922"}],"version-history":[{"count":2,"href":"http:\/\/archiwum.radiopodlasie.pl\/NEW\/wp-json\/wp\/v2\/posts\/32922\/revisions"}],"predecessor-version":[{"id":32925,"href":"http:\/\/archiwum.radiopodlasie.pl\/NEW\/wp-json\/wp\/v2\/posts\/32922\/revisions\/32925"}],"wp:featuredmedia":[{"embeddable":true,"href":"http:\/\/archiwum.radiopodlasie.pl\/NEW\/wp-json\/wp\/v2\/media\/32924"}],"wp:attachment":[{"href":"http:\/\/archiwum.radiopodlasie.pl\/NEW\/wp-json\/wp\/v2\/media?parent=32922"}],"wp:term":[{"taxonomy":"category","embeddable":true,"href":"http:\/\/archiwum.radiopodlasie.pl\/NEW\/wp-json\/wp\/v2\/categories?post=32922"},{"taxonomy":"post_tag","embeddable":true,"href":"http:\/\/archiwum.radiopodlasie.pl\/NEW\/wp-json\/wp\/v2\/tags?post=32922"}],"curies":[{"name":"wp","href":"https:\/\/api.w.org\/{rel}","templated":true}]}}