{"id":32931,"date":"2026-08-29T15:33:00","date_gmt":"2026-08-29T13:33:00","guid":{"rendered":"https:\/\/archiwum.radiopodlasie.pl\/NEW\/?p=32931"},"modified":"2026-08-31T13:11:22","modified_gmt":"2026-08-31T11:11:22","slug":"wystawa-malarstwa-i-rzezby-marcina-ziolkowskiego-w-galerii-i-pracowni-az-w-siedlcach","status":"publish","type":"post","link":"http:\/\/archiwum.radiopodlasie.pl\/NEW\/2026\/08\/29\/wystawa-malarstwa-i-rzezby-marcina-ziolkowskiego-w-galerii-i-pracowni-az-w-siedlcach\/","title":{"rendered":"Wystawa malarstwa i rze\u017aby Marcina Zi\u00f3\u0142kowskiego w Galerii i Pracowni AZ w Siedlcach"},"content":{"rendered":"<p>Tytu\u0142: <strong>Wystawa malarstwa i rze\u017aby Marcina Zi\u00f3\u0142kowskiego w Galerii i Pracowni AZ w Siedlcach<\/strong><\/p>\n<p>Autor: Katarzyna Chaci\u0144ska<\/p>\n<p>Nazwa audycji: <strong><span style=\"color: #339966;\">Wywiady, Kultura na fali<\/span><\/strong><br \/>Data emisji: 29-08-2026<\/p>\n<p>Ju\u017c w pi\u0105tek, 4 wrze\u015bnia o godz. 8.30 w Galerii i Pracowni AZ w Siedlcach odb\u0119dzie si\u0119 premierowa wystawa prac malarskich po\u0142\u0105czona z prezentacj\u0105 rze\u017ab artysty Marcina Zi\u00f3\u0142kowskiego, kt\u00f3ry w swoich pracach skupia si\u0119 na ukazaniu pi\u0119kna i naturalno\u015bci kobiety w odniesieniu do otaczaj\u0105cej nas rzeczywisto\u015bci.<\/p>\n<p>Ekspozycja artysty opowiada o cz\u0142owieku widzianym jako pewnego rodzaju proces, nieustannie podlegaj\u0105cy przemianom i up\u0142ywowi czasu. Liczne p\u0119kni\u0119cia, deformacje, \u015blady materii w pracach s\u0105 tu \u015bwiadectwem \u017cycia. Artysta w swoich pracach \u015bwiadomie rezygnuje z idealizacji postaci, sk\u0142aniaj\u0105c widza do refleksji.<\/p>\n<p>Katarzyna Chaci\u0144ska rozmawia\u0142a z w\u0142a\u015bcicielk\u0105 Galerii i Pracowni Az w Siedlcach, Ann\u0105 Zawalich.<\/p>\n\n\n<figure class=\"wp-block-image size-large\"><img loading=\"lazy\" decoding=\"async\" width=\"1024\" height=\"720\" src=\"http:\/\/archiwum.radiopodlasie.pl\/NEW\/wp-content\/uploads\/2026\/08\/grNzccHw-1024x720.jpg\" alt=\"\" class=\"wp-image-32933\" srcset=\"http:\/\/archiwum.radiopodlasie.pl\/NEW\/wp-content\/uploads\/2026\/08\/grNzccHw-1024x720.jpg 1024w, http:\/\/archiwum.radiopodlasie.pl\/NEW\/wp-content\/uploads\/2026\/08\/grNzccHw-300x211.jpg 300w, http:\/\/archiwum.radiopodlasie.pl\/NEW\/wp-content\/uploads\/2026\/08\/grNzccHw-768x540.jpg 768w, http:\/\/archiwum.radiopodlasie.pl\/NEW\/wp-content\/uploads\/2026\/08\/grNzccHw-1536x1080.jpg 1536w, http:\/\/archiwum.radiopodlasie.pl\/NEW\/wp-content\/uploads\/2026\/08\/grNzccHw.jpg 2048w\" sizes=\"auto, (max-width: 1024px) 100vw, 1024px\" \/><\/figure>\n\n\n\n<figure class=\"wp-block-audio\"><audio controls src=\"https:\/\/dzwieki.radiopodlasie.pl:8789\/uploads\/2026\/08\/260829_kch_29_zawalich_ziolkowski.mp3\"><\/audio><\/figure>\n\n\n\n<p>Premierowa wystawa Marcina Zi\u00f3\u0142kowskiego to \u015bwietna okazja do spotkania z inn\u0105 zar\u00f3wno z malarstwem i rze\u017ab\u0105, a tak\u017ce mo\u017cliwo\u015b\u0107 refleksji nad ludzkim \u017cyciem i jego krucho\u015bci\u0105.<\/p>\n\n\n\n<p><\/p>\n","protected":false},"excerpt":{"rendered":"<p>Tytu\u0142: Wystawa malarstwa i rze\u017aby Marcina Zi\u00f3\u0142kowskiego w Galerii i Pracowni AZ w Siedlcach Autor: Katarzyna Chaci\u0144ska Nazwa audycji: Wywiady, Kultura na faliData emisji: 29-08-2026 Ju\u017c w pi\u0105tek, 4 wrze\u015bnia o godz. 8.30 w&#46;&#46;&#46;<\/p>\n","protected":false},"author":123459,"featured_media":32934,"comment_status":"open","ping_status":"open","sticky":false,"template":"","format":"standard","meta":{"om_disable_all_campaigns":false,"_monsterinsights_skip_tracking":false,"footnotes":""},"categories":[3528,2596,320],"tags":[3927,4703,3712,4838],"class_list":["post-32931","post","type-post","status-publish","format-standard","has-post-thumbnail","hentry","category-katarzyna-chacinska","category-kultura-na-fali","category-wywiady","tag-anna-zawalich","tag-galeria-az","tag-katarzyna-chacinska","tag-marcin-ziolkowski"],"aioseo_notices":[],"_links":{"self":[{"href":"http:\/\/archiwum.radiopodlasie.pl\/NEW\/wp-json\/wp\/v2\/posts\/32931","targetHints":{"allow":["GET"]}}],"collection":[{"href":"http:\/\/archiwum.radiopodlasie.pl\/NEW\/wp-json\/wp\/v2\/posts"}],"about":[{"href":"http:\/\/archiwum.radiopodlasie.pl\/NEW\/wp-json\/wp\/v2\/types\/post"}],"author":[{"embeddable":true,"href":"http:\/\/archiwum.radiopodlasie.pl\/NEW\/wp-json\/wp\/v2\/users\/123459"}],"replies":[{"embeddable":true,"href":"http:\/\/archiwum.radiopodlasie.pl\/NEW\/wp-json\/wp\/v2\/comments?post=32931"}],"version-history":[{"count":2,"href":"http:\/\/archiwum.radiopodlasie.pl\/NEW\/wp-json\/wp\/v2\/posts\/32931\/revisions"}],"predecessor-version":[{"id":32935,"href":"http:\/\/archiwum.radiopodlasie.pl\/NEW\/wp-json\/wp\/v2\/posts\/32931\/revisions\/32935"}],"wp:featuredmedia":[{"embeddable":true,"href":"http:\/\/archiwum.radiopodlasie.pl\/NEW\/wp-json\/wp\/v2\/media\/32934"}],"wp:attachment":[{"href":"http:\/\/archiwum.radiopodlasie.pl\/NEW\/wp-json\/wp\/v2\/media?parent=32931"}],"wp:term":[{"taxonomy":"category","embeddable":true,"href":"http:\/\/archiwum.radiopodlasie.pl\/NEW\/wp-json\/wp\/v2\/categories?post=32931"},{"taxonomy":"post_tag","embeddable":true,"href":"http:\/\/archiwum.radiopodlasie.pl\/NEW\/wp-json\/wp\/v2\/tags?post=32931"}],"curies":[{"name":"wp","href":"https:\/\/api.w.org\/{rel}","templated":true}]}}