{"id":32936,"date":"2026-08-31T16:55:00","date_gmt":"2026-08-31T14:55:00","guid":{"rendered":"https:\/\/archiwum.radiopodlasie.pl\/NEW\/?p=32936"},"modified":"2026-08-31T13:24:52","modified_gmt":"2026-08-31T11:24:52","slug":"w-perlejewie-dziekowano-za-plony","status":"publish","type":"post","link":"http:\/\/archiwum.radiopodlasie.pl\/NEW\/2026\/08\/31\/w-perlejewie-dziekowano-za-plony\/","title":{"rendered":"W Perlejewie dzi\u0119kowano za plony"},"content":{"rendered":"<p>Tytu\u0142<strong>: W Perlejewie dzi\u0119kowano za plony<\/strong><\/p>\n<p>Autor: Agnieszka Bolewska-Iwaniuk<\/p>\n<p>Nazwa audycji: <strong><span style=\"color: #339966;\">Wywiady<\/span><\/strong><br \/>Data emisji: 31-08-2026<\/p>\n<p>Mieszka\u0144cy gminy Perlejewo i go\u015bcie spotkali si\u0119 wczoraj (w niedziel\u0119, 30 sierpnia) na Do\u017cynkach Gminno-Parafialnych. Msza \u015aw., obrz\u0119dy do\u017cynkowe, konkursy, muzyka, sport, zabawa, to wszystko znalaz\u0142o swoj\u0105 przestrze\u0144 podczas niedzielnego spotkania w Perlejewie.<br \/>Relacj\u0119 z do\u017cynek Gminno-Parafialnych w Perlejewie przygotowa\u0142a Agnieszka Bolewska-Iwaniuk.<\/p>\n\n\n<figure class=\"wp-block-image size-large\"><img loading=\"lazy\" decoding=\"async\" width=\"1024\" height=\"1024\" src=\"http:\/\/archiwum.radiopodlasie.pl\/NEW\/wp-content\/uploads\/2026\/08\/jiHnC4zp-1024x1024.jpg\" alt=\"\" class=\"wp-image-32938\" srcset=\"http:\/\/archiwum.radiopodlasie.pl\/NEW\/wp-content\/uploads\/2026\/08\/jiHnC4zp-1024x1024.jpg 1024w, http:\/\/archiwum.radiopodlasie.pl\/NEW\/wp-content\/uploads\/2026\/08\/jiHnC4zp-300x300.jpg 300w, http:\/\/archiwum.radiopodlasie.pl\/NEW\/wp-content\/uploads\/2026\/08\/jiHnC4zp-150x150.jpg 150w, http:\/\/archiwum.radiopodlasie.pl\/NEW\/wp-content\/uploads\/2026\/08\/jiHnC4zp-768x768.jpg 768w, http:\/\/archiwum.radiopodlasie.pl\/NEW\/wp-content\/uploads\/2026\/08\/jiHnC4zp-1536x1536.jpg 1536w, http:\/\/archiwum.radiopodlasie.pl\/NEW\/wp-content\/uploads\/2026\/08\/jiHnC4zp-70x70.jpg 70w, http:\/\/archiwum.radiopodlasie.pl\/NEW\/wp-content\/uploads\/2026\/08\/jiHnC4zp-80x80.jpg 80w, http:\/\/archiwum.radiopodlasie.pl\/NEW\/wp-content\/uploads\/2026\/08\/jiHnC4zp-320x320.jpg 320w, http:\/\/archiwum.radiopodlasie.pl\/NEW\/wp-content\/uploads\/2026\/08\/jiHnC4zp-250x250.jpg 250w, http:\/\/archiwum.radiopodlasie.pl\/NEW\/wp-content\/uploads\/2026\/08\/jiHnC4zp.jpg 2048w\" sizes=\"auto, (max-width: 1024px) 100vw, 1024px\" \/><\/figure>\n\n\n\n<figure class=\"wp-block-audio\"><audio controls src=\"https:\/\/dzwieki.radiopodlasie.pl:8789\/uploads\/2026\/08\/260831_abol_31_perlejewskie_pp.mp3\"><\/audio><\/figure>\n\n\n\n<p><\/p>\n","protected":false},"excerpt":{"rendered":"<p>Tytu\u0142: W Perlejewie dzi\u0119kowano za plony Autor: Agnieszka Bolewska-Iwaniuk Nazwa audycji: WywiadyData emisji: 31-08-2026 Mieszka\u0144cy gminy Perlejewo i go\u015bcie spotkali si\u0119 wczoraj (w niedziel\u0119, 30 sierpnia) na Do\u017cynkach Gminno-Parafialnych. Msza \u015aw., obrz\u0119dy do\u017cynkowe, konkursy,&#46;&#46;&#46;<\/p>\n","protected":false},"author":123459,"featured_media":32939,"comment_status":"open","ping_status":"open","sticky":false,"template":"","format":"standard","meta":{"om_disable_all_campaigns":false,"_monsterinsights_skip_tracking":false,"footnotes":""},"categories":[360,320],"tags":[201,1146,2107],"class_list":["post-32936","post","type-post","status-publish","format-standard","has-post-thumbnail","hentry","category-agnieszka-bolewska-iwaniuk","category-wywiady","tag-agnieszka-bolewska-iwaniuk","tag-dozynki","tag-perlejewo"],"aioseo_notices":[],"_links":{"self":[{"href":"http:\/\/archiwum.radiopodlasie.pl\/NEW\/wp-json\/wp\/v2\/posts\/32936","targetHints":{"allow":["GET"]}}],"collection":[{"href":"http:\/\/archiwum.radiopodlasie.pl\/NEW\/wp-json\/wp\/v2\/posts"}],"about":[{"href":"http:\/\/archiwum.radiopodlasie.pl\/NEW\/wp-json\/wp\/v2\/types\/post"}],"author":[{"embeddable":true,"href":"http:\/\/archiwum.radiopodlasie.pl\/NEW\/wp-json\/wp\/v2\/users\/123459"}],"replies":[{"embeddable":true,"href":"http:\/\/archiwum.radiopodlasie.pl\/NEW\/wp-json\/wp\/v2\/comments?post=32936"}],"version-history":[{"count":2,"href":"http:\/\/archiwum.radiopodlasie.pl\/NEW\/wp-json\/wp\/v2\/posts\/32936\/revisions"}],"predecessor-version":[{"id":32940,"href":"http:\/\/archiwum.radiopodlasie.pl\/NEW\/wp-json\/wp\/v2\/posts\/32936\/revisions\/32940"}],"wp:featuredmedia":[{"embeddable":true,"href":"http:\/\/archiwum.radiopodlasie.pl\/NEW\/wp-json\/wp\/v2\/media\/32939"}],"wp:attachment":[{"href":"http:\/\/archiwum.radiopodlasie.pl\/NEW\/wp-json\/wp\/v2\/media?parent=32936"}],"wp:term":[{"taxonomy":"category","embeddable":true,"href":"http:\/\/archiwum.radiopodlasie.pl\/NEW\/wp-json\/wp\/v2\/categories?post=32936"},{"taxonomy":"post_tag","embeddable":true,"href":"http:\/\/archiwum.radiopodlasie.pl\/NEW\/wp-json\/wp\/v2\/tags?post=32936"}],"curies":[{"name":"wp","href":"https:\/\/api.w.org\/{rel}","templated":true}]}}