{"id":32941,"date":"2026-09-01T20:37:00","date_gmt":"2026-09-01T18:37:00","guid":{"rendered":"https:\/\/archiwum.radiopodlasie.pl\/NEW\/?p=32941"},"modified":"2026-09-04T14:42:33","modified_gmt":"2026-09-04T12:42:33","slug":"wieczorowy-radiowy-uniwersytet-biblijny-druga-ksiega-machabejska","status":"publish","type":"post","link":"http:\/\/archiwum.radiopodlasie.pl\/NEW\/2026\/09\/01\/wieczorowy-radiowy-uniwersytet-biblijny-druga-ksiega-machabejska\/","title":{"rendered":"Wieczorowy Radiowy Uniwersytet Biblijny &#8211; Druga Ksi\u0119ga Machabejska"},"content":{"rendered":"<p>Tytu\u0142: Wieczorowy Radiowy Uniwersytet Biblijny &#8211; Druga Ksi\u0119ga Machabejska<\/p>\n<p>Autor: Grzegorz Skwarek<\/p>\n<p>Nazwa audycji: <strong><span style=\"color: #339966;\"> Rozmowa do\u015b\u0107 powa\u017cna<\/span><\/strong><br \/>Data emisji: 01-09-2026<\/p>\n<p>W dzisiejszym Wieczorowym Radiowym Uniwersytecie Biblijnym ks. Andrzej G\u0142asek i Grzegorz Skwarek rozmawiali o Drugiej Ksi\u0119dze Machabejskiej.<\/p>\n\n\n<figure class=\"wp-block-image size-large\"><img loading=\"lazy\" decoding=\"async\" width=\"956\" height=\"1024\" src=\"http:\/\/archiwum.radiopodlasie.pl\/NEW\/wp-content\/uploads\/2026\/06\/skwarek-956x1024.jpg\" alt=\"\" class=\"wp-image-31522\" srcset=\"http:\/\/archiwum.radiopodlasie.pl\/NEW\/wp-content\/uploads\/2026\/06\/skwarek-956x1024.jpg 956w, http:\/\/archiwum.radiopodlasie.pl\/NEW\/wp-content\/uploads\/2026\/06\/skwarek-280x300.jpg 280w, http:\/\/archiwum.radiopodlasie.pl\/NEW\/wp-content\/uploads\/2026\/06\/skwarek-768x823.jpg 768w, http:\/\/archiwum.radiopodlasie.pl\/NEW\/wp-content\/uploads\/2026\/06\/skwarek.jpg 992w\" sizes=\"auto, (max-width: 956px) 100vw, 956px\" \/><\/figure>\n\n\n\n<figure class=\"wp-block-audio\"><audio controls src=\"https:\/\/dzwieki.radiopodlasie.pl:8789\/uploads\/2026\/09\/260901_rozmowaGS_2ksma_1.mp3\"><\/audio><\/figure>\n\n\n\n<p><\/p>\n","protected":false},"excerpt":{"rendered":"<p>Tytu\u0142: Wieczorowy Radiowy Uniwersytet Biblijny &#8211; Druga Ksi\u0119ga Machabejska Autor: Grzegorz Skwarek Nazwa audycji: Rozmowa do\u015b\u0107 powa\u017cnaData emisji: 01-09-2026 W dzisiejszym Wieczorowym Radiowym Uniwersytecie Biblijnym ks. Andrzej G\u0142asek i Grzegorz Skwarek rozmawiali o Drugiej&#46;&#46;&#46;<\/p>\n","protected":false},"author":123459,"featured_media":5962,"comment_status":"open","ping_status":"open","sticky":false,"template":"","format":"standard","meta":{"om_disable_all_campaigns":false,"_monsterinsights_skip_tracking":false,"footnotes":""},"categories":[330],"tags":[207,3144],"class_list":["post-32941","post","type-post","status-publish","format-standard","has-post-thumbnail","hentry","category-rozmowa-dosc-powazna","tag-grzegorz-skwarek","tag-ks-andrzej-glasek"],"aioseo_notices":[],"_links":{"self":[{"href":"http:\/\/archiwum.radiopodlasie.pl\/NEW\/wp-json\/wp\/v2\/posts\/32941","targetHints":{"allow":["GET"]}}],"collection":[{"href":"http:\/\/archiwum.radiopodlasie.pl\/NEW\/wp-json\/wp\/v2\/posts"}],"about":[{"href":"http:\/\/archiwum.radiopodlasie.pl\/NEW\/wp-json\/wp\/v2\/types\/post"}],"author":[{"embeddable":true,"href":"http:\/\/archiwum.radiopodlasie.pl\/NEW\/wp-json\/wp\/v2\/users\/123459"}],"replies":[{"embeddable":true,"href":"http:\/\/archiwum.radiopodlasie.pl\/NEW\/wp-json\/wp\/v2\/comments?post=32941"}],"version-history":[{"count":1,"href":"http:\/\/archiwum.radiopodlasie.pl\/NEW\/wp-json\/wp\/v2\/posts\/32941\/revisions"}],"predecessor-version":[{"id":32942,"href":"http:\/\/archiwum.radiopodlasie.pl\/NEW\/wp-json\/wp\/v2\/posts\/32941\/revisions\/32942"}],"wp:featuredmedia":[{"embeddable":true,"href":"http:\/\/archiwum.radiopodlasie.pl\/NEW\/wp-json\/wp\/v2\/media\/5962"}],"wp:attachment":[{"href":"http:\/\/archiwum.radiopodlasie.pl\/NEW\/wp-json\/wp\/v2\/media?parent=32941"}],"wp:term":[{"taxonomy":"category","embeddable":true,"href":"http:\/\/archiwum.radiopodlasie.pl\/NEW\/wp-json\/wp\/v2\/categories?post=32941"},{"taxonomy":"post_tag","embeddable":true,"href":"http:\/\/archiwum.radiopodlasie.pl\/NEW\/wp-json\/wp\/v2\/tags?post=32941"}],"curies":[{"name":"wp","href":"https:\/\/api.w.org\/{rel}","templated":true}]}}