{"id":32945,"date":"2026-09-03T20:12:00","date_gmt":"2026-09-03T18:12:00","guid":{"rendered":"https:\/\/archiwum.radiopodlasie.pl\/NEW\/?p=32945"},"modified":"2026-09-04T15:10:48","modified_gmt":"2026-09-04T13:10:48","slug":"formacja-kobiecego-serca-we-wspolnocie-umilowana","status":"publish","type":"post","link":"http:\/\/archiwum.radiopodlasie.pl\/NEW\/2026\/09\/03\/formacja-kobiecego-serca-we-wspolnocie-umilowana\/","title":{"rendered":"Formacja kobiecego serca we wsp\u00f3lnocie Umi\u0142owana"},"content":{"rendered":"<p>Tytu\u0142: Formacja kobiecego serca we wsp\u00f3lnocie Umi\u0142owana<\/p>\n<p>Autor: <span class=\"x193iq5w xeuugli x13faqbe x1vvkbs x1xmvt09 x1lliihq x1s928wv xhkezso x1gmr53x x1cpjm7i x1fgarty x1943h6x xudqn12 x3x7a5m x6prxxf xvq8zen xo1l8bm xzsf02u x1yc453h\" dir=\"auto\">ks. Jakub Wyroz\u0119bski<span class=\"html-span xdj266r x11i5rnm xat24cr x1mh8g0r xexx8yu x4uap5 x18d9i69 xkhd6sd x1hl2dhg x16tdsg8 x1vvkbs\"><span class=\"xt0psk2\"><br \/><\/span><\/span><\/span><\/p>\n<p>Nazwa audycji: <strong><span style=\"color: #339966;\">PorozmawiajMY o wychowaniu<\/span><\/strong><br \/>Data emisji: 03-09-2026<\/p>\n\n\n<p>Jak modlitwa, S\u0142owo Bo\u017ce, wsp\u00f3lnota i praca nad sob\u0105 pomagaj\u0105 dojrzewa\u0107 do wi\u0119kszej wolno\u015bci, pokoju i wewn\u0119trznej si\u0142y?<br>Opowiemy tak\u017ce o wsp\u00f3lnocie \u201eUmi\u0142owana\u201d \u2013 miejscu, w kt\u00f3rym kobiety mog\u0105 wzrasta\u0107 duchowo, budowa\u0107 relacje i uczy\u0107 si\u0119 prze\u017cywa\u0107 codzienno\u015b\u0107 blisko Boga.<br>Audycj\u0119 poprowadzi\u0142 ks. Jakub Wyroz\u0119bski, a w studiu go\u015bci\u0142y: Ma\u0142gorzata Go\u0142awska, Martyna Jastrz\u0119bska i Monika Pi\u0105tkowska.<\/p>\n\n\n\n<figure class=\"wp-block-image size-large\"><img loading=\"lazy\" decoding=\"async\" width=\"819\" height=\"1024\" src=\"http:\/\/archiwum.radiopodlasie.pl\/NEW\/wp-content\/uploads\/2026\/09\/03092026_porozmawiajmy-819x1024.jpg\" alt=\"\" class=\"wp-image-32947\" srcset=\"http:\/\/archiwum.radiopodlasie.pl\/NEW\/wp-content\/uploads\/2026\/09\/03092026_porozmawiajmy-819x1024.jpg 819w, http:\/\/archiwum.radiopodlasie.pl\/NEW\/wp-content\/uploads\/2026\/09\/03092026_porozmawiajmy-240x300.jpg 240w, http:\/\/archiwum.radiopodlasie.pl\/NEW\/wp-content\/uploads\/2026\/09\/03092026_porozmawiajmy-768x960.jpg 768w, http:\/\/archiwum.radiopodlasie.pl\/NEW\/wp-content\/uploads\/2026\/09\/03092026_porozmawiajmy.jpg 1080w\" sizes=\"auto, (max-width: 819px) 100vw, 819px\" \/><\/figure>\n\n\n\n<figure class=\"wp-block-audio\"><audio controls src=\"https:\/\/dzwieki.radiopodlasie.pl:8789\/uploads\/2026\/09\/260903_porozmawiajmy.mp3\"><\/audio><\/figure>\n\n\n\n<p><\/p>\n","protected":false},"excerpt":{"rendered":"<p>Tytu\u0142: Formacja kobiecego serca we wsp\u00f3lnocie Umi\u0142owana Autor: ks. Jakub Wyroz\u0119bski Nazwa audycji: PorozmawiajMY o wychowaniuData emisji: 03-09-2026 Jak modlitwa, S\u0142owo Bo\u017ce, wsp\u00f3lnota i praca nad sob\u0105 pomagaj\u0105 dojrzewa\u0107 do wi\u0119kszej wolno\u015bci, pokoju i&#46;&#46;&#46;<\/p>\n","protected":false},"author":123459,"featured_media":32948,"comment_status":"open","ping_status":"open","sticky":false,"template":"","format":"standard","meta":{"om_disable_all_campaigns":false,"_monsterinsights_skip_tracking":false,"footnotes":""},"categories":[4349],"tags":[4351,4350],"class_list":["post-32945","post","type-post","status-publish","format-standard","has-post-thumbnail","hentry","category-porozmawiajmy-o-wychowaniu","tag-ks-jakub-wyrozebski","tag-porozmawiajmy-o-wychowaniu"],"aioseo_notices":[],"_links":{"self":[{"href":"http:\/\/archiwum.radiopodlasie.pl\/NEW\/wp-json\/wp\/v2\/posts\/32945","targetHints":{"allow":["GET"]}}],"collection":[{"href":"http:\/\/archiwum.radiopodlasie.pl\/NEW\/wp-json\/wp\/v2\/posts"}],"about":[{"href":"http:\/\/archiwum.radiopodlasie.pl\/NEW\/wp-json\/wp\/v2\/types\/post"}],"author":[{"embeddable":true,"href":"http:\/\/archiwum.radiopodlasie.pl\/NEW\/wp-json\/wp\/v2\/users\/123459"}],"replies":[{"embeddable":true,"href":"http:\/\/archiwum.radiopodlasie.pl\/NEW\/wp-json\/wp\/v2\/comments?post=32945"}],"version-history":[{"count":2,"href":"http:\/\/archiwum.radiopodlasie.pl\/NEW\/wp-json\/wp\/v2\/posts\/32945\/revisions"}],"predecessor-version":[{"id":32949,"href":"http:\/\/archiwum.radiopodlasie.pl\/NEW\/wp-json\/wp\/v2\/posts\/32945\/revisions\/32949"}],"wp:featuredmedia":[{"embeddable":true,"href":"http:\/\/archiwum.radiopodlasie.pl\/NEW\/wp-json\/wp\/v2\/media\/32948"}],"wp:attachment":[{"href":"http:\/\/archiwum.radiopodlasie.pl\/NEW\/wp-json\/wp\/v2\/media?parent=32945"}],"wp:term":[{"taxonomy":"category","embeddable":true,"href":"http:\/\/archiwum.radiopodlasie.pl\/NEW\/wp-json\/wp\/v2\/categories?post=32945"},{"taxonomy":"post_tag","embeddable":true,"href":"http:\/\/archiwum.radiopodlasie.pl\/NEW\/wp-json\/wp\/v2\/tags?post=32945"}],"curies":[{"name":"wp","href":"https:\/\/api.w.org\/{rel}","templated":true}]}}