{"id":32950,"date":"2026-09-03T12:30:00","date_gmt":"2026-09-03T10:30:00","guid":{"rendered":"https:\/\/archiwum.radiopodlasie.pl\/NEW\/?p=32950"},"modified":"2026-09-04T16:55:07","modified_gmt":"2026-09-04T14:55:07","slug":"bog-ma-serce-katecheza-z-3-wrzesnia-2026","status":"publish","type":"post","link":"http:\/\/archiwum.radiopodlasie.pl\/NEW\/2026\/09\/03\/bog-ma-serce-katecheza-z-3-wrzesnia-2026\/","title":{"rendered":"&#8222;B\u00f3g ma serce&#8221; &#8211; katecheza z 3 wrze\u015bnia 2026"},"content":{"rendered":"\n<p>Tytu\u0142<strong>: <\/strong> &#8222;B\u00f3g ma serce&#8221; &#8211; katecheza z 3 wrze\u015bnia 2026<\/p>\n\n\n\n<p>Autor: ks. Pawe\u0142 Bro\u0144ski<\/p>\n\n\n\n<p>Nazwa audycji: Katechezy &#8211; B\u00f3g ma serce<\/p>\n\n\n\n<p>Data emisji: 03-09-2026 r.<\/p>\n\n\n\n<p><\/p>\n\n\n\n<p>Na cykl katechez o Naj\u015bwi\u0119tszym Sercu Pana Jezusa zaprasza ks. Pawe\u0142 Bro\u0144ski<\/p>\n\n\n\n<figure class=\"wp-block-audio\"><audio controls src=\"https:\/\/dzwieki.radiopodlasie.pl:8789\/uploads\/2026\/09\/260903_katecheza_xbronski_cz1.mp3\"><\/audio><\/figure>\n\n\n\n<p><\/p>\n","protected":false},"excerpt":{"rendered":"<p>Tytu\u0142: &#8222;B\u00f3g ma serce&#8221; &#8211; katecheza z 3 wrze\u015bnia 2026 Autor: ks. Pawe\u0142 Bro\u0144ski Nazwa audycji: Katechezy &#8211; B\u00f3g ma serce Data emisji: 03-09-2026 r. Na cykl katechez o Naj\u015bwi\u0119tszym Sercu Pana Jezusa zaprasza&#46;&#46;&#46;<\/p>\n","protected":false},"author":123459,"featured_media":5184,"comment_status":"open","ping_status":"open","sticky":false,"template":"","format":"standard","meta":{"om_disable_all_campaigns":false,"_monsterinsights_skip_tracking":false,"footnotes":""},"categories":[4839,335],"tags":[4840,540,2527],"class_list":["post-32950","post","type-post","status-publish","format-standard","has-post-thumbnail","hentry","category-bog-ma-serce","category-katechezy","tag-bog-ma-serce","tag-katecheza","tag-ks-pawel-bronski-2"],"aioseo_notices":[],"_links":{"self":[{"href":"http:\/\/archiwum.radiopodlasie.pl\/NEW\/wp-json\/wp\/v2\/posts\/32950","targetHints":{"allow":["GET"]}}],"collection":[{"href":"http:\/\/archiwum.radiopodlasie.pl\/NEW\/wp-json\/wp\/v2\/posts"}],"about":[{"href":"http:\/\/archiwum.radiopodlasie.pl\/NEW\/wp-json\/wp\/v2\/types\/post"}],"author":[{"embeddable":true,"href":"http:\/\/archiwum.radiopodlasie.pl\/NEW\/wp-json\/wp\/v2\/users\/123459"}],"replies":[{"embeddable":true,"href":"http:\/\/archiwum.radiopodlasie.pl\/NEW\/wp-json\/wp\/v2\/comments?post=32950"}],"version-history":[{"count":2,"href":"http:\/\/archiwum.radiopodlasie.pl\/NEW\/wp-json\/wp\/v2\/posts\/32950\/revisions"}],"predecessor-version":[{"id":32952,"href":"http:\/\/archiwum.radiopodlasie.pl\/NEW\/wp-json\/wp\/v2\/posts\/32950\/revisions\/32952"}],"wp:featuredmedia":[{"embeddable":true,"href":"http:\/\/archiwum.radiopodlasie.pl\/NEW\/wp-json\/wp\/v2\/media\/5184"}],"wp:attachment":[{"href":"http:\/\/archiwum.radiopodlasie.pl\/NEW\/wp-json\/wp\/v2\/media?parent=32950"}],"wp:term":[{"taxonomy":"category","embeddable":true,"href":"http:\/\/archiwum.radiopodlasie.pl\/NEW\/wp-json\/wp\/v2\/categories?post=32950"},{"taxonomy":"post_tag","embeddable":true,"href":"http:\/\/archiwum.radiopodlasie.pl\/NEW\/wp-json\/wp\/v2\/tags?post=32950"}],"curies":[{"name":"wp","href":"https:\/\/api.w.org\/{rel}","templated":true}]}}