{"id":32957,"date":"2026-09-04T12:30:00","date_gmt":"2026-09-04T10:30:00","guid":{"rendered":"https:\/\/archiwum.radiopodlasie.pl\/NEW\/?p=32957"},"modified":"2026-09-04T16:57:42","modified_gmt":"2026-09-04T14:57:42","slug":"katolickosc-czyli-co-nas-laczy-katecheza-z-4-wrzesnia-2026","status":"publish","type":"post","link":"http:\/\/archiwum.radiopodlasie.pl\/NEW\/2026\/09\/04\/katolickosc-czyli-co-nas-laczy-katecheza-z-4-wrzesnia-2026\/","title":{"rendered":"&#8222;Katolicko\u015b\u0107 &#8211; czyli co nas \u0142\u0105czy&#8221; &#8211; katecheza z 4 wrze\u015bnia 2026"},"content":{"rendered":"\n<p>Tytu\u0142<strong>: <\/strong> &#8222;Katolicko\u015b\u0107 &#8211; czyli co nas \u0142\u0105czy&#8221; &#8211; katecheza z 4 wrze\u015bnia 2026<\/p>\n\n\n\n<p>Autor: ks. Pawe\u0142 Bielecki<\/p>\n\n\n\n<p>Nazwa audycji: Katechezy &#8211; Katolicko\u015b\u0107 &#8211; czyli co nas \u0142\u0105czy<\/p>\n\n\n\n<p>Data emisji: 04-09-2026 r.<\/p>\n\n\n\n<p><\/p>\n\n\n\n<p>Ks. Pawe\u0142 Bielecki &#8211; dyrektor Wydzia\u0142u Duszpasterstwa Og\u00f3lnego Kurii Diecezjalnej Siedleckiej &#8211; omawia dokument &#8222;Kryteria eklezjalno\u015bci wsp\u00f3lnot katolickich\u201d. Dokument jest narz\u0119dziem pomocnym w rozeznawaniu komunii danej wsp\u00f3lnoty z Ko\u015bcio\u0142em powszechnym oraz jej zdrowego funkcjonowania i rozwoju.<\/p>\n\n\n\n<figure class=\"wp-block-audio\"><audio controls src=\"https:\/\/dzwieki.radiopodlasie.pl:8789\/uploads\/2026\/09\/260904_katecheza_xbielecki_cz1.mp3\"><\/audio><\/figure>\n\n\n\n<p><\/p>\n","protected":false},"excerpt":{"rendered":"<p>Tytu\u0142: &#8222;Katolicko\u015b\u0107 &#8211; czyli co nas \u0142\u0105czy&#8221; &#8211; katecheza z 4 wrze\u015bnia 2026 Autor: ks. Pawe\u0142 Bielecki Nazwa audycji: Katechezy &#8211; Katolicko\u015b\u0107 &#8211; czyli co nas \u0142\u0105czy Data emisji: 04-09-2026 r. Ks. Pawe\u0142 Bielecki&#46;&#46;&#46;<\/p>\n","protected":false},"author":123459,"featured_media":5184,"comment_status":"open","ping_status":"open","sticky":false,"template":"","format":"standard","meta":{"om_disable_all_campaigns":false,"_monsterinsights_skip_tracking":false,"footnotes":""},"categories":[335,4841],"tags":[4842,968],"class_list":["post-32957","post","type-post","status-publish","format-standard","has-post-thumbnail","hentry","category-katechezy","category-katolickosc-czyli-co-nas-laczy","tag-katolickosc-czyli-co-nas-laczy","tag-ks-pawel-bielecki"],"aioseo_notices":[],"_links":{"self":[{"href":"http:\/\/archiwum.radiopodlasie.pl\/NEW\/wp-json\/wp\/v2\/posts\/32957","targetHints":{"allow":["GET"]}}],"collection":[{"href":"http:\/\/archiwum.radiopodlasie.pl\/NEW\/wp-json\/wp\/v2\/posts"}],"about":[{"href":"http:\/\/archiwum.radiopodlasie.pl\/NEW\/wp-json\/wp\/v2\/types\/post"}],"author":[{"embeddable":true,"href":"http:\/\/archiwum.radiopodlasie.pl\/NEW\/wp-json\/wp\/v2\/users\/123459"}],"replies":[{"embeddable":true,"href":"http:\/\/archiwum.radiopodlasie.pl\/NEW\/wp-json\/wp\/v2\/comments?post=32957"}],"version-history":[{"count":2,"href":"http:\/\/archiwum.radiopodlasie.pl\/NEW\/wp-json\/wp\/v2\/posts\/32957\/revisions"}],"predecessor-version":[{"id":32959,"href":"http:\/\/archiwum.radiopodlasie.pl\/NEW\/wp-json\/wp\/v2\/posts\/32957\/revisions\/32959"}],"wp:featuredmedia":[{"embeddable":true,"href":"http:\/\/archiwum.radiopodlasie.pl\/NEW\/wp-json\/wp\/v2\/media\/5184"}],"wp:attachment":[{"href":"http:\/\/archiwum.radiopodlasie.pl\/NEW\/wp-json\/wp\/v2\/media?parent=32957"}],"wp:term":[{"taxonomy":"category","embeddable":true,"href":"http:\/\/archiwum.radiopodlasie.pl\/NEW\/wp-json\/wp\/v2\/categories?post=32957"},{"taxonomy":"post_tag","embeddable":true,"href":"http:\/\/archiwum.radiopodlasie.pl\/NEW\/wp-json\/wp\/v2\/tags?post=32957"}],"curies":[{"name":"wp","href":"https:\/\/api.w.org\/{rel}","templated":true}]}}