{"id":32960,"date":"2026-09-01T17:16:32","date_gmt":"2026-09-01T15:16:32","guid":{"rendered":"https:\/\/archiwum.radiopodlasie.pl\/NEW\/?p=32960"},"modified":"2026-09-04T17:18:45","modified_gmt":"2026-09-04T15:18:45","slug":"wernisaz-wystawy-malarstwa-marcina-strokosza-pt-entropia-w-galerii-teatralnej","status":"publish","type":"post","link":"http:\/\/archiwum.radiopodlasie.pl\/NEW\/2026\/09\/01\/wernisaz-wystawy-malarstwa-marcina-strokosza-pt-entropia-w-galerii-teatralnej\/","title":{"rendered":"Wernisa\u017c wystawy malarstwa Marcina Strokosza pt. \u201eEntropia\u201d w Galerii Teatralnej"},"content":{"rendered":"<p>Tytu\u0142: <strong>Wernisa\u017c wystawy malarstwa Marcina Strokosza pt. \u201eEntropia\u201d w Galerii Teatralnej<\/strong><\/p>\n<p>Autor: Katarzyna Chaci\u0144ska<\/p>\n<p>Nazwa audycji: <strong><span style=\"color: #339966;\">Wywiady<\/span><\/strong><br \/>Data emisji: 01-09-2026<\/p>\n<p>Ju\u017c w \u015brod\u0119, 9 wrze\u015bnia w Galerii Teatralnej Centrum Kultury i Sztuki odb\u0119dzie si\u0119 wernisa\u017c <br \/>wystawy malarstwa Marcina Strokosza pt. \u201eEntropia\u201d. Ekspozycja stanowi cykl obraz\u00f3w b\u0119d\u0105cy refleksj\u0105 nad przemijalno\u015bci\u0105, krucho\u015bci\u0105 i nieustann\u0105 zmian\u0105 otaczaj\u0105cej nas rzeczywisto\u015bci. Sam artysta jest Siedlczaninem, kt\u00f3ry swoje umiej\u0119tno\u015bci malarskie rozwija\u0142 w pracowniach w Polsce i za granic\u0105, pod okiem uznanych artyst\u00f3w.<\/p>\n<p>Katarzyna Chaci\u0144ska rozmawia\u0142a z Marcinem Strokoszem o jego nowej wystawie, kt\u00f3ra od 9 wrze\u015bnia znajdzie si\u0119 w Galerii Teatralnej Centrum Kultury i Sztuki.<\/p>\n\n\n<figure class=\"wp-block-audio\"><audio controls src=\"https:\/\/dzwieki.radiopodlasie.pl:8789\/uploads\/2026\/09\/260901_kch_01_marcinstrokoszwystawa_rozmowa.mp3\"><\/audio><\/figure>\n\n\n\n<p>Punktem wyj\u015bcia dla nowej wystawy s\u0105 r\u00f3\u017cnorodne motywy prac Strokosza &#8211; postacie, natura, przedmioty i pejza\u017c przedstawiane na pograniczu realizmu i swobodnej, ekspresyjnej formy. Praca nad ka\u017cdym obrazem zaczyna si\u0119 od okre\u015blonego za\u0142o\u017cenia, a potem eksperymentowania z form\u0105 i \u015bwiat\u0142em.<\/p>\n","protected":false},"excerpt":{"rendered":"<p>Tytu\u0142: Wernisa\u017c wystawy malarstwa Marcina Strokosza pt. \u201eEntropia\u201d w Galerii Teatralnej Autor: Katarzyna Chaci\u0144ska Nazwa audycji: WywiadyData emisji: 01-09-2026 Ju\u017c w \u015brod\u0119, 9 wrze\u015bnia w Galerii Teatralnej Centrum Kultury i Sztuki odb\u0119dzie si\u0119 wernisa\u017c&#46;&#46;&#46;<\/p>\n","protected":false},"author":123459,"featured_media":6622,"comment_status":"open","ping_status":"open","sticky":false,"template":"","format":"standard","meta":{"om_disable_all_campaigns":false,"_monsterinsights_skip_tracking":false,"footnotes":""},"categories":[3528,320],"tags":[1282,3712,273,393],"class_list":["post-32960","post","type-post","status-publish","format-standard","has-post-thumbnail","hentry","category-katarzyna-chacinska","category-wywiady","tag-ckis-siedlce","tag-katarzyna-chacinska","tag-marcin-strokosz","tag-wystawa-malarstwa"],"aioseo_notices":[],"_links":{"self":[{"href":"http:\/\/archiwum.radiopodlasie.pl\/NEW\/wp-json\/wp\/v2\/posts\/32960","targetHints":{"allow":["GET"]}}],"collection":[{"href":"http:\/\/archiwum.radiopodlasie.pl\/NEW\/wp-json\/wp\/v2\/posts"}],"about":[{"href":"http:\/\/archiwum.radiopodlasie.pl\/NEW\/wp-json\/wp\/v2\/types\/post"}],"author":[{"embeddable":true,"href":"http:\/\/archiwum.radiopodlasie.pl\/NEW\/wp-json\/wp\/v2\/users\/123459"}],"replies":[{"embeddable":true,"href":"http:\/\/archiwum.radiopodlasie.pl\/NEW\/wp-json\/wp\/v2\/comments?post=32960"}],"version-history":[{"count":2,"href":"http:\/\/archiwum.radiopodlasie.pl\/NEW\/wp-json\/wp\/v2\/posts\/32960\/revisions"}],"predecessor-version":[{"id":32962,"href":"http:\/\/archiwum.radiopodlasie.pl\/NEW\/wp-json\/wp\/v2\/posts\/32960\/revisions\/32962"}],"wp:featuredmedia":[{"embeddable":true,"href":"http:\/\/archiwum.radiopodlasie.pl\/NEW\/wp-json\/wp\/v2\/media\/6622"}],"wp:attachment":[{"href":"http:\/\/archiwum.radiopodlasie.pl\/NEW\/wp-json\/wp\/v2\/media?parent=32960"}],"wp:term":[{"taxonomy":"category","embeddable":true,"href":"http:\/\/archiwum.radiopodlasie.pl\/NEW\/wp-json\/wp\/v2\/categories?post=32960"},{"taxonomy":"post_tag","embeddable":true,"href":"http:\/\/archiwum.radiopodlasie.pl\/NEW\/wp-json\/wp\/v2\/tags?post=32960"}],"curies":[{"name":"wp","href":"https:\/\/api.w.org\/{rel}","templated":true}]}}