{"id":32963,"date":"2026-09-04T17:23:37","date_gmt":"2026-09-04T15:23:37","guid":{"rendered":"https:\/\/archiwum.radiopodlasie.pl\/NEW\/?p=32963"},"modified":"2026-09-04T17:23:38","modified_gmt":"2026-09-04T15:23:38","slug":"swieto-plonow-dozynki-gminno-parafialne-miasta-i-gminy-mordy","status":"publish","type":"post","link":"http:\/\/archiwum.radiopodlasie.pl\/NEW\/2026\/09\/04\/swieto-plonow-dozynki-gminno-parafialne-miasta-i-gminy-mordy\/","title":{"rendered":"\u015awi\u0119to Plon\u00f3w &#8211; Do\u017cynki Gminno-Parafialne Miasta i Gminy Mordy"},"content":{"rendered":"<p>Tytu\u0142: <strong>\u015awi\u0119to Plon\u00f3w &#8211; Do\u017cynki Gminno-Parafialne Miasta i Gminy Mordy<\/strong><\/p>\n<p>Autor: Katarzyna Chaci\u0144ska<\/p>\n<p>Nazwa audycji: <strong><span style=\"color: #339966;\">Wywiady<\/span><\/strong><br \/>Data emisji: 04-09-2026<\/p>\n<p>Ju\u017c w niedziel\u0119, 6 wrze\u015bnia odb\u0119d\u0105 si\u0119 tegoroczne Do\u017cynki Gminno-Parafialne Miasta i Gminy Mordy.<\/p>\n<p>\u015awi\u0119to Plon\u00f3w w Gminie Mordy b\u0119dzie mia\u0142o nie tylko charakter duchowy, ale tak\u017ce integruj\u0105cy lokaln\u0105 spo\u0142eczno\u015b\u0107 poprzez sw\u00f3j bogaty program artystyczny i liczne atrakcje zar\u00f3wno dla najm\u0142odszych, jak i tych starszych.<\/p>\n<p>Katarzyna Chaci\u0144ska rozmawia\u0142a z \u0141ukaszem Wawryniukiem, Burmistrzem Miasta i Gminy Mordy oraz Emili\u0105 Biard\u0105, Zast\u0119pc\u0105 dyrektora Miejsko-Gminnego O\u015brodka Kultury w Mordach.<\/p>\n\n\n<figure class=\"wp-block-audio\"><audio controls src=\"https:\/\/dzwieki.radiopodlasie.pl:8789\/uploads\/2026\/09\/260904_kch_04_dozynkimordy_patronat.mp3\"><\/audio><\/figure>\n\n\n\n<p>Miasto i Gmina Mordy zaprasza wszystkich mieszka\u0144c\u00f3w oraz go\u015bci do aktywnego uczestnictwa w Do\u017cynkach Gminno-Parafialnych. Patronat medialny nad wydarzeniem obj\u0119\u0142o: Katolickie Radio Podlasie i portal Podlasie24.pl<\/p>\n","protected":false},"excerpt":{"rendered":"<p>Tytu\u0142: \u015awi\u0119to Plon\u00f3w &#8211; Do\u017cynki Gminno-Parafialne Miasta i Gminy Mordy Autor: Katarzyna Chaci\u0144ska Nazwa audycji: WywiadyData emisji: 04-09-2026 Ju\u017c w niedziel\u0119, 6 wrze\u015bnia odb\u0119d\u0105 si\u0119 tegoroczne Do\u017cynki Gminno-Parafialne Miasta i Gminy Mordy. \u015awi\u0119to Plon\u00f3w&#46;&#46;&#46;<\/p>\n","protected":false},"author":123459,"featured_media":6622,"comment_status":"open","ping_status":"open","sticky":false,"template":"","format":"standard","meta":{"om_disable_all_campaigns":false,"_monsterinsights_skip_tracking":false,"footnotes":""},"categories":[3528,320],"tags":[1146,4844,3712,4843,689],"class_list":["post-32963","post","type-post","status-publish","format-standard","has-post-thumbnail","hentry","category-katarzyna-chacinska","category-wywiady","tag-dozynki","tag-emilia-biarda","tag-katarzyna-chacinska","tag-lukasz-wawryniuk","tag-mordy"],"aioseo_notices":[],"_links":{"self":[{"href":"http:\/\/archiwum.radiopodlasie.pl\/NEW\/wp-json\/wp\/v2\/posts\/32963","targetHints":{"allow":["GET"]}}],"collection":[{"href":"http:\/\/archiwum.radiopodlasie.pl\/NEW\/wp-json\/wp\/v2\/posts"}],"about":[{"href":"http:\/\/archiwum.radiopodlasie.pl\/NEW\/wp-json\/wp\/v2\/types\/post"}],"author":[{"embeddable":true,"href":"http:\/\/archiwum.radiopodlasie.pl\/NEW\/wp-json\/wp\/v2\/users\/123459"}],"replies":[{"embeddable":true,"href":"http:\/\/archiwum.radiopodlasie.pl\/NEW\/wp-json\/wp\/v2\/comments?post=32963"}],"version-history":[{"count":2,"href":"http:\/\/archiwum.radiopodlasie.pl\/NEW\/wp-json\/wp\/v2\/posts\/32963\/revisions"}],"predecessor-version":[{"id":32965,"href":"http:\/\/archiwum.radiopodlasie.pl\/NEW\/wp-json\/wp\/v2\/posts\/32963\/revisions\/32965"}],"wp:featuredmedia":[{"embeddable":true,"href":"http:\/\/archiwum.radiopodlasie.pl\/NEW\/wp-json\/wp\/v2\/media\/6622"}],"wp:attachment":[{"href":"http:\/\/archiwum.radiopodlasie.pl\/NEW\/wp-json\/wp\/v2\/media?parent=32963"}],"wp:term":[{"taxonomy":"category","embeddable":true,"href":"http:\/\/archiwum.radiopodlasie.pl\/NEW\/wp-json\/wp\/v2\/categories?post=32963"},{"taxonomy":"post_tag","embeddable":true,"href":"http:\/\/archiwum.radiopodlasie.pl\/NEW\/wp-json\/wp\/v2\/tags?post=32963"}],"curies":[{"name":"wp","href":"https:\/\/api.w.org\/{rel}","templated":true}]}}