{"id":32969,"date":"2026-09-04T20:06:03","date_gmt":"2026-09-04T18:06:03","guid":{"rendered":"https:\/\/archiwum.radiopodlasie.pl\/NEW\/?p=32969"},"modified":"2026-09-04T20:06:03","modified_gmt":"2026-09-04T18:06:03","slug":"tys-nasza-krolowa-audycja-sanktuarium-w-kodniu-z-4-wrzesnia-2026","status":"publish","type":"post","link":"http:\/\/archiwum.radiopodlasie.pl\/NEW\/2026\/09\/04\/tys-nasza-krolowa-audycja-sanktuarium-w-kodniu-z-4-wrzesnia-2026\/","title":{"rendered":"&#8222;Ty\u015b nasz\u0105 Kr\u00f3low\u0105&#8221; &#8211; audycja Sanktuarium w Kodniu z 4 wrze\u015bnia 2026"},"content":{"rendered":"<p>Tytu\u0142: &#8222;Ty\u015b nasz\u0105 Kr\u00f3low\u0105&#8221; &#8211; audycja Sanktuarium w Kodniu z 4 wrze\u015bnia 2026<\/p>\n<p>Autor: O. Micha\u0142 Hadrich OMI<\/p>\n<p>Nazwa audycji: Ty\u015b nasz\u0105 Kr\u00f3low\u0105<br \/>Data emisji: 04-09-2026<\/p>\n<p>W dzisiejszej audycji z cyklu &#8222;Ty\u015b Nasz\u0105 Kr\u00f3low\u0105&#8221; m.in. o tym co si\u0119 dzia\u0142o w Kodniu w wakacje, o najbli\u017cszych wydarzeniach, a tak\u017ce o zmianach personalnych w kode\u0144skim sanktuarium. Audycj\u0119 poprowadzili: O. Micha\u0142 Hadrich OMI &#8211; superior, prze\u0142o\u017cony i kustosz Sanktuarium Matki Bo\u017cej Kode\u0144skiej i ojciec Piotr Bednarski &#8211; proboszcz parafii \u015awi\u0119tej Anny w Kodniu.<\/p>\n\n\n<figure class=\"wp-block-audio\"><audio controls src=\"https:\/\/dzwieki.radiopodlasie.pl:8789\/uploads\/2026\/09\/260904_koden.mp3\"><\/audio><\/figure>\n","protected":false},"excerpt":{"rendered":"<p>Tytu\u0142: &#8222;Ty\u015b nasz\u0105 Kr\u00f3low\u0105&#8221; &#8211; audycja Sanktuarium w Kodniu z 4 wrze\u015bnia 2026 Autor: O. Micha\u0142 Hadrich OMI Nazwa audycji: Ty\u015b nasz\u0105 Kr\u00f3low\u0105Data emisji: 04-09-2026 W dzisiejszej audycji z cyklu &#8222;Ty\u015b Nasz\u0105 Kr\u00f3low\u0105&#8221; m.in.&#46;&#46;&#46;<\/p>\n","protected":false},"author":123459,"featured_media":24216,"comment_status":"open","ping_status":"open","sticky":false,"template":"","format":"standard","meta":{"om_disable_all_campaigns":false,"_monsterinsights_skip_tracking":false,"footnotes":""},"categories":[3596],"tags":[748,3789],"class_list":["post-32969","post","type-post","status-publish","format-standard","has-post-thumbnail","hentry","category-tys-nasza-krolowa","tag-koden","tag-oblaci"],"aioseo_notices":[],"_links":{"self":[{"href":"http:\/\/archiwum.radiopodlasie.pl\/NEW\/wp-json\/wp\/v2\/posts\/32969","targetHints":{"allow":["GET"]}}],"collection":[{"href":"http:\/\/archiwum.radiopodlasie.pl\/NEW\/wp-json\/wp\/v2\/posts"}],"about":[{"href":"http:\/\/archiwum.radiopodlasie.pl\/NEW\/wp-json\/wp\/v2\/types\/post"}],"author":[{"embeddable":true,"href":"http:\/\/archiwum.radiopodlasie.pl\/NEW\/wp-json\/wp\/v2\/users\/123459"}],"replies":[{"embeddable":true,"href":"http:\/\/archiwum.radiopodlasie.pl\/NEW\/wp-json\/wp\/v2\/comments?post=32969"}],"version-history":[{"count":1,"href":"http:\/\/archiwum.radiopodlasie.pl\/NEW\/wp-json\/wp\/v2\/posts\/32969\/revisions"}],"predecessor-version":[{"id":32970,"href":"http:\/\/archiwum.radiopodlasie.pl\/NEW\/wp-json\/wp\/v2\/posts\/32969\/revisions\/32970"}],"wp:featuredmedia":[{"embeddable":true,"href":"http:\/\/archiwum.radiopodlasie.pl\/NEW\/wp-json\/wp\/v2\/media\/24216"}],"wp:attachment":[{"href":"http:\/\/archiwum.radiopodlasie.pl\/NEW\/wp-json\/wp\/v2\/media?parent=32969"}],"wp:term":[{"taxonomy":"category","embeddable":true,"href":"http:\/\/archiwum.radiopodlasie.pl\/NEW\/wp-json\/wp\/v2\/categories?post=32969"},{"taxonomy":"post_tag","embeddable":true,"href":"http:\/\/archiwum.radiopodlasie.pl\/NEW\/wp-json\/wp\/v2\/tags?post=32969"}],"curies":[{"name":"wp","href":"https:\/\/api.w.org\/{rel}","templated":true}]}}