{"id":32971,"date":"2026-09-04T17:09:00","date_gmt":"2026-09-04T15:09:00","guid":{"rendered":"https:\/\/archiwum.radiopodlasie.pl\/NEW\/?p=32971"},"modified":"2026-09-04T20:11:20","modified_gmt":"2026-09-04T18:11:20","slug":"pielgrzymka-sladami-bl-ks-ignacego-klopotowskiego","status":"publish","type":"post","link":"http:\/\/archiwum.radiopodlasie.pl\/NEW\/2026\/09\/04\/pielgrzymka-sladami-bl-ks-ignacego-klopotowskiego\/","title":{"rendered":"Pielgrzymka \u015bladami b\u0142. ks. Ignacego K\u0142opotowskiego"},"content":{"rendered":"<p>Tytu\u0142<strong>: Pielgrzymka \u015bladami b\u0142. ks. Ignacego K\u0142opotowskiego<\/strong><\/p>\n<p>Autor: Agnieszka Bolewska-Iwaniuk<\/p>\n<p>Nazwa audycji: <strong><span style=\"color: #339966;\">Wywiady<\/span><\/strong><br \/>Data emisji: 04-09-2026<\/p>\n<p>Zapraszamy na spotkanie z pielgrzymami, kt\u00f3rzy wyruszyli z Drohiczyna w ramach Pieszej Pielgrzymki Drohiczy\u0144skiej do Loretto. Zgodnie z has\u0142em pielgrzymki \u201eOd chrzcielnicy do grobu\u201d pod\u0105\u017caj\u0105 \u015bladami b\u0142ogos\u0142awionego ks. Ignacego K\u0142opotowskiego. Wyruszaj\u0105c w drog\u0119, pielgrzymi zanurzyli d\u0142onie w chrzcielnicy w katedrze drohiczy\u0144skiej \u2013 miejscu, w kt\u00f3rym zosta\u0142 ochrzczony b\u0142ogos\u0142awiony ks. K\u0142opotowski. Ich celem jest Sanktuarium Matki Bo\u017cej Loreta\u0144skiej w Loretto.<br \/>Has\u0142em tegorocznej pielgrzymki s\u0105 s\u0142owa: \u201eNaucz nas \u017cy\u0107, Maryjo!\u201d.<br \/>Relacj\u0119 z p\u0105tniczego szlaku przygotowa\u0142a Agnieszka Bolewska-Iwaniuk.<\/p>\n\n\n<figure class=\"wp-block-image size-large\"><img loading=\"lazy\" decoding=\"async\" width=\"1024\" height=\"683\" src=\"http:\/\/archiwum.radiopodlasie.pl\/NEW\/wp-content\/uploads\/2026\/09\/do-loretto-1024x683.jpg\" alt=\"\" class=\"wp-image-32973\" srcset=\"http:\/\/archiwum.radiopodlasie.pl\/NEW\/wp-content\/uploads\/2026\/09\/do-loretto-1024x683.jpg 1024w, http:\/\/archiwum.radiopodlasie.pl\/NEW\/wp-content\/uploads\/2026\/09\/do-loretto-300x200.jpg 300w, http:\/\/archiwum.radiopodlasie.pl\/NEW\/wp-content\/uploads\/2026\/09\/do-loretto-768x512.jpg 768w, http:\/\/archiwum.radiopodlasie.pl\/NEW\/wp-content\/uploads\/2026\/09\/do-loretto.jpg 1200w\" sizes=\"auto, (max-width: 1024px) 100vw, 1024px\" \/><\/figure>\n\n\n\n<figure class=\"wp-block-audio\"><audio controls src=\"https:\/\/dzwieki.radiopodlasie.pl:8789\/uploads\/2026\/09\/260904_abol_04_doloretto_pp.mp3\"><\/audio><\/figure>\n\n\n\n<p><\/p>\n","protected":false},"excerpt":{"rendered":"<p>Tytu\u0142: Pielgrzymka \u015bladami b\u0142. ks. Ignacego K\u0142opotowskiego Autor: Agnieszka Bolewska-Iwaniuk Nazwa audycji: WywiadyData emisji: 04-09-2026 Zapraszamy na spotkanie z pielgrzymami, kt\u00f3rzy wyruszyli z Drohiczyna w ramach Pieszej Pielgrzymki Drohiczy\u0144skiej do Loretto. Zgodnie z has\u0142em&#46;&#46;&#46;<\/p>\n","protected":false},"author":123459,"featured_media":32973,"comment_status":"open","ping_status":"open","sticky":false,"template":"","format":"standard","meta":{"om_disable_all_campaigns":false,"_monsterinsights_skip_tracking":false,"footnotes":""},"categories":[360,320],"tags":[201,4256,904],"class_list":["post-32971","post","type-post","status-publish","format-standard","has-post-thumbnail","hentry","category-agnieszka-bolewska-iwaniuk","category-wywiady","tag-agnieszka-bolewska-iwaniuk","tag-loretto","tag-pielgrzymka"],"aioseo_notices":[],"_links":{"self":[{"href":"http:\/\/archiwum.radiopodlasie.pl\/NEW\/wp-json\/wp\/v2\/posts\/32971","targetHints":{"allow":["GET"]}}],"collection":[{"href":"http:\/\/archiwum.radiopodlasie.pl\/NEW\/wp-json\/wp\/v2\/posts"}],"about":[{"href":"http:\/\/archiwum.radiopodlasie.pl\/NEW\/wp-json\/wp\/v2\/types\/post"}],"author":[{"embeddable":true,"href":"http:\/\/archiwum.radiopodlasie.pl\/NEW\/wp-json\/wp\/v2\/users\/123459"}],"replies":[{"embeddable":true,"href":"http:\/\/archiwum.radiopodlasie.pl\/NEW\/wp-json\/wp\/v2\/comments?post=32971"}],"version-history":[{"count":2,"href":"http:\/\/archiwum.radiopodlasie.pl\/NEW\/wp-json\/wp\/v2\/posts\/32971\/revisions"}],"predecessor-version":[{"id":32974,"href":"http:\/\/archiwum.radiopodlasie.pl\/NEW\/wp-json\/wp\/v2\/posts\/32971\/revisions\/32974"}],"wp:featuredmedia":[{"embeddable":true,"href":"http:\/\/archiwum.radiopodlasie.pl\/NEW\/wp-json\/wp\/v2\/media\/32973"}],"wp:attachment":[{"href":"http:\/\/archiwum.radiopodlasie.pl\/NEW\/wp-json\/wp\/v2\/media?parent=32971"}],"wp:term":[{"taxonomy":"category","embeddable":true,"href":"http:\/\/archiwum.radiopodlasie.pl\/NEW\/wp-json\/wp\/v2\/categories?post=32971"},{"taxonomy":"post_tag","embeddable":true,"href":"http:\/\/archiwum.radiopodlasie.pl\/NEW\/wp-json\/wp\/v2\/tags?post=32971"}],"curies":[{"name":"wp","href":"https:\/\/api.w.org\/{rel}","templated":true}]}}