{"id":32975,"date":"2026-09-03T17:12:00","date_gmt":"2026-09-03T15:12:00","guid":{"rendered":"https:\/\/archiwum.radiopodlasie.pl\/NEW\/?p=32975"},"modified":"2026-09-04T20:14:39","modified_gmt":"2026-09-04T18:14:39","slug":"po-41-latach-pracy-w-lo-siemiatycze-rozmowa-z-bozena-krzyzanowska","status":"publish","type":"post","link":"http:\/\/archiwum.radiopodlasie.pl\/NEW\/2026\/09\/03\/po-41-latach-pracy-w-lo-siemiatycze-rozmowa-z-bozena-krzyzanowska\/","title":{"rendered":"Po 41 latach pracy w LO Siemiatycze \u2013 rozmowa z Bo\u017cen\u0105 Krzy\u017canowsk\u0105"},"content":{"rendered":"<p>Tytu\u0142<strong>: Po 41 latach pracy w LO Siemiatycze \u2013 rozmowa z Bo\u017cen\u0105 Krzy\u017canowsk\u0105<\/strong><\/p>\n<p>Autor: Agnieszka Bolewska-Iwaniuk<\/p>\n<p>Nazwa audycji: <strong><span style=\"color: #339966;\">Wywiady<\/span><\/strong><br \/>Data emisji: 03-09-2026<\/p>\n<p>Wrzesie\u0144 2026 przyni\u00f3s\u0142 powa\u017cne zmiany kadrowe w siemiatyckim LO. Szko\u0142\u0119 opuszczaj\u0105: wieloletnia dyrektor Bo\u017cena Krzy\u017canowska i wicedyrektor Bo\u017cena Czerkas. Obie od kilkudziesi\u0119ciu lat zwi\u0105zane plac\u00f3wk\u0105. Bo\u017cena Krzy\u017canowska pracowa\u0142a w tej szkole przez 41 lat, przez 19 ostatnich lat by\u0142a dyrektorem. Wcze\u015bniej by\u0142a te\u017c uczennic\u0105 tej szko\u0142y. Tu zda\u0142a matur\u0119, tu po studiach wr\u00f3ci\u0142a do pracy. Bardzo podobnie wygl\u0105da historia wicedyrektor Bo\u017ceny Czerkas, kt\u00f3ra w LO pracowa\u0142a od roku 1993, od roku 2007 by\u0142a wicedyrektorem ds wychowawczych. Obie panie w jednym czasie zdecydowa\u0142y o odej\u015bciu ze stanowisk. <br \/>Z Bo\u017cen\u0105 Krzy\u017canowsk\u0105, wieloletni\u0105 dyrektor Liceum Og\u00f3lnokszta\u0142c\u0105cego w Siemiatyczach, o szkole dawniej i dzi\u015b rozmawia\u0142a Agnieszka Bolewska-Iwaniuk.<\/p>\n\n\n<figure class=\"wp-block-image size-large\"><img loading=\"lazy\" decoding=\"async\" width=\"1024\" height=\"766\" src=\"http:\/\/archiwum.radiopodlasie.pl\/NEW\/wp-content\/uploads\/2026\/09\/krzyzanowska-1024x766.jpg\" alt=\"\" class=\"wp-image-32977\" srcset=\"http:\/\/archiwum.radiopodlasie.pl\/NEW\/wp-content\/uploads\/2026\/09\/krzyzanowska-1024x766.jpg 1024w, http:\/\/archiwum.radiopodlasie.pl\/NEW\/wp-content\/uploads\/2026\/09\/krzyzanowska-300x224.jpg 300w, http:\/\/archiwum.radiopodlasie.pl\/NEW\/wp-content\/uploads\/2026\/09\/krzyzanowska-768x575.jpg 768w, http:\/\/archiwum.radiopodlasie.pl\/NEW\/wp-content\/uploads\/2026\/09\/krzyzanowska-1536x1149.jpg 1536w, http:\/\/archiwum.radiopodlasie.pl\/NEW\/wp-content\/uploads\/2026\/09\/krzyzanowska.jpg 2048w\" sizes=\"auto, (max-width: 1024px) 100vw, 1024px\" \/><\/figure>\n\n\n\n<figure class=\"wp-block-audio\"><audio controls src=\"https:\/\/dzwieki.radiopodlasie.pl:8789\/uploads\/2026\/09\/260903_abol_03_krzyzanowska_pp.mp3\"><\/audio><\/figure>\n\n\n\n<p><\/p>\n","protected":false},"excerpt":{"rendered":"<p>Tytu\u0142: Po 41 latach pracy w LO Siemiatycze \u2013 rozmowa z Bo\u017cen\u0105 Krzy\u017canowsk\u0105 Autor: Agnieszka Bolewska-Iwaniuk Nazwa audycji: WywiadyData emisji: 03-09-2026 Wrzesie\u0144 2026 przyni\u00f3s\u0142 powa\u017cne zmiany kadrowe w siemiatyckim LO. Szko\u0142\u0119 opuszczaj\u0105: wieloletnia dyrektor&#46;&#46;&#46;<\/p>\n","protected":false},"author":123459,"featured_media":32977,"comment_status":"open","ping_status":"open","sticky":false,"template":"","format":"standard","meta":{"om_disable_all_campaigns":false,"_monsterinsights_skip_tracking":false,"footnotes":""},"categories":[360,320],"tags":[201,4092,3970],"class_list":["post-32975","post","type-post","status-publish","format-standard","has-post-thumbnail","hentry","category-agnieszka-bolewska-iwaniuk","category-wywiady","tag-agnieszka-bolewska-iwaniuk","tag-bozena-krzyzanowska","tag-lo-siemiatycze"],"aioseo_notices":[],"_links":{"self":[{"href":"http:\/\/archiwum.radiopodlasie.pl\/NEW\/wp-json\/wp\/v2\/posts\/32975","targetHints":{"allow":["GET"]}}],"collection":[{"href":"http:\/\/archiwum.radiopodlasie.pl\/NEW\/wp-json\/wp\/v2\/posts"}],"about":[{"href":"http:\/\/archiwum.radiopodlasie.pl\/NEW\/wp-json\/wp\/v2\/types\/post"}],"author":[{"embeddable":true,"href":"http:\/\/archiwum.radiopodlasie.pl\/NEW\/wp-json\/wp\/v2\/users\/123459"}],"replies":[{"embeddable":true,"href":"http:\/\/archiwum.radiopodlasie.pl\/NEW\/wp-json\/wp\/v2\/comments?post=32975"}],"version-history":[{"count":2,"href":"http:\/\/archiwum.radiopodlasie.pl\/NEW\/wp-json\/wp\/v2\/posts\/32975\/revisions"}],"predecessor-version":[{"id":32978,"href":"http:\/\/archiwum.radiopodlasie.pl\/NEW\/wp-json\/wp\/v2\/posts\/32975\/revisions\/32978"}],"wp:featuredmedia":[{"embeddable":true,"href":"http:\/\/archiwum.radiopodlasie.pl\/NEW\/wp-json\/wp\/v2\/media\/32977"}],"wp:attachment":[{"href":"http:\/\/archiwum.radiopodlasie.pl\/NEW\/wp-json\/wp\/v2\/media?parent=32975"}],"wp:term":[{"taxonomy":"category","embeddable":true,"href":"http:\/\/archiwum.radiopodlasie.pl\/NEW\/wp-json\/wp\/v2\/categories?post=32975"},{"taxonomy":"post_tag","embeddable":true,"href":"http:\/\/archiwum.radiopodlasie.pl\/NEW\/wp-json\/wp\/v2\/tags?post=32975"}],"curies":[{"name":"wp","href":"https:\/\/api.w.org\/{rel}","templated":true}]}}