{"id":32979,"date":"2026-09-02T17:22:00","date_gmt":"2026-09-02T15:22:00","guid":{"rendered":"https:\/\/archiwum.radiopodlasie.pl\/NEW\/?p=32979"},"modified":"2026-09-04T20:26:20","modified_gmt":"2026-09-04T18:26:20","slug":"minczewo-dozynki-gminy-drohiczyn-2026","status":"publish","type":"post","link":"http:\/\/archiwum.radiopodlasie.pl\/NEW\/2026\/09\/02\/minczewo-dozynki-gminy-drohiczyn-2026\/","title":{"rendered":"Minczewo &#8211; Do\u017cynki Gminy Drohiczyn 2026"},"content":{"rendered":"<p>Tytu\u0142<strong>: Minczewo &#8211; Do\u017cynki Gminy Drohiczyn 2026<\/strong><\/p>\n<p>Autor: Agnieszka Bolewska-Iwaniuk<\/p>\n<p>Nazwa audycji: <strong><span style=\"color: #339966;\">Wywiady<\/span><\/strong><br \/>Data emisji: 02-09-2026<\/p>\n<p>30 sierpnia 2026r. W Minczewie odby\u0142y si\u0119 Do\u017cynki Gminy Drohiczyn. Wsp\u00f3lnie podzi\u0119kowano Panu Bogu i rolnikom za tegoroczne plony. Ka\u017cdy kto uczestniczy\u0142 w tym dzi\u0119kczynieniu za ca\u0142oroczny trud rolnik\u00f3w i tegoroczne plony m\u00f3g\u0142 wsp\u00f3\u0142uczestniczy\u0107 w rado\u015bci \u015bwi\u0119towania i do\u015bwiadczy\u0107 go\u015bcinno\u015bci mieszka\u0144c\u00f3w.<br \/>Do\u017cynki to jedna z wa\u017cnych gminnych tradycji, \u0142\u0105cz\u0105ca mieszka\u0144c\u00f3w poszczeg\u00f3lnych so\u0142ectw i przypominaj\u0105ca o rolniczym charakterze regionu. Na do\u017cynkach w Minczewie by\u0142a Agnieszka Bolewska-Iwaniuk.<\/p>\n\n\n<figure class=\"wp-block-image size-large\"><img loading=\"lazy\" decoding=\"async\" width=\"1024\" height=\"683\" src=\"http:\/\/archiwum.radiopodlasie.pl\/NEW\/wp-content\/uploads\/2026\/09\/abol_31_drohiczyn-minczewo-dozynki-1-1024x683.jpg\" alt=\"\" class=\"wp-image-32981\" srcset=\"http:\/\/archiwum.radiopodlasie.pl\/NEW\/wp-content\/uploads\/2026\/09\/abol_31_drohiczyn-minczewo-dozynki-1-1024x683.jpg 1024w, http:\/\/archiwum.radiopodlasie.pl\/NEW\/wp-content\/uploads\/2026\/09\/abol_31_drohiczyn-minczewo-dozynki-1-300x200.jpg 300w, http:\/\/archiwum.radiopodlasie.pl\/NEW\/wp-content\/uploads\/2026\/09\/abol_31_drohiczyn-minczewo-dozynki-1-768x512.jpg 768w, http:\/\/archiwum.radiopodlasie.pl\/NEW\/wp-content\/uploads\/2026\/09\/abol_31_drohiczyn-minczewo-dozynki-1.jpg 1200w\" sizes=\"auto, (max-width: 1024px) 100vw, 1024px\" \/><\/figure>\n\n\n\n<figure class=\"wp-block-audio\"><audio controls src=\"https:\/\/dzwieki.radiopodlasie.pl:8789\/uploads\/2026\/09\/260902_abol_02_drohiczynskie_pp.mp3\"><\/audio><\/figure>\n\n\n\n<figure class=\"wp-block-image size-large\"><img loading=\"lazy\" decoding=\"async\" width=\"1024\" height=\"683\" src=\"https:\/\/archiwum.radiopodlasie.pl\/NEW\/wp-content\/uploads\/2026\/09\/abol_31_drohiczyn-minczewo-dozynki-2-1024x683.jpg\" alt=\"\" class=\"wp-image-32982\" srcset=\"http:\/\/archiwum.radiopodlasie.pl\/NEW\/wp-content\/uploads\/2026\/09\/abol_31_drohiczyn-minczewo-dozynki-2-1024x683.jpg 1024w, http:\/\/archiwum.radiopodlasie.pl\/NEW\/wp-content\/uploads\/2026\/09\/abol_31_drohiczyn-minczewo-dozynki-2-300x200.jpg 300w, http:\/\/archiwum.radiopodlasie.pl\/NEW\/wp-content\/uploads\/2026\/09\/abol_31_drohiczyn-minczewo-dozynki-2-768x512.jpg 768w, http:\/\/archiwum.radiopodlasie.pl\/NEW\/wp-content\/uploads\/2026\/09\/abol_31_drohiczyn-minczewo-dozynki-2.jpg 1200w\" sizes=\"auto, (max-width: 1024px) 100vw, 1024px\" \/><\/figure>\n\n\n\n<p>Muzyka, kt\u00f3r\u0105 us\u0142yszeli pa\u0144stwo w tej audycji podczas Do\u017cynek Gminy Drohiczyn w Minczewie wykonywali lokalni muzycy.<\/p>\n","protected":false},"excerpt":{"rendered":"<p>Tytu\u0142: Minczewo &#8211; Do\u017cynki Gminy Drohiczyn 2026 Autor: Agnieszka Bolewska-Iwaniuk Nazwa audycji: WywiadyData emisji: 02-09-2026 30 sierpnia 2026r. W Minczewie odby\u0142y si\u0119 Do\u017cynki Gminy Drohiczyn. Wsp\u00f3lnie podzi\u0119kowano Panu Bogu i rolnikom za tegoroczne plony.&#46;&#46;&#46;<\/p>\n","protected":false},"author":123459,"featured_media":32982,"comment_status":"open","ping_status":"open","sticky":false,"template":"","format":"standard","meta":{"om_disable_all_campaigns":false,"_monsterinsights_skip_tracking":false,"footnotes":""},"categories":[360,320],"tags":[201,1146,4847],"class_list":["post-32979","post","type-post","status-publish","format-standard","has-post-thumbnail","hentry","category-agnieszka-bolewska-iwaniuk","category-wywiady","tag-agnieszka-bolewska-iwaniuk","tag-dozynki","tag-minczewo"],"aioseo_notices":[],"_links":{"self":[{"href":"http:\/\/archiwum.radiopodlasie.pl\/NEW\/wp-json\/wp\/v2\/posts\/32979","targetHints":{"allow":["GET"]}}],"collection":[{"href":"http:\/\/archiwum.radiopodlasie.pl\/NEW\/wp-json\/wp\/v2\/posts"}],"about":[{"href":"http:\/\/archiwum.radiopodlasie.pl\/NEW\/wp-json\/wp\/v2\/types\/post"}],"author":[{"embeddable":true,"href":"http:\/\/archiwum.radiopodlasie.pl\/NEW\/wp-json\/wp\/v2\/users\/123459"}],"replies":[{"embeddable":true,"href":"http:\/\/archiwum.radiopodlasie.pl\/NEW\/wp-json\/wp\/v2\/comments?post=32979"}],"version-history":[{"count":2,"href":"http:\/\/archiwum.radiopodlasie.pl\/NEW\/wp-json\/wp\/v2\/posts\/32979\/revisions"}],"predecessor-version":[{"id":32983,"href":"http:\/\/archiwum.radiopodlasie.pl\/NEW\/wp-json\/wp\/v2\/posts\/32979\/revisions\/32983"}],"wp:featuredmedia":[{"embeddable":true,"href":"http:\/\/archiwum.radiopodlasie.pl\/NEW\/wp-json\/wp\/v2\/media\/32982"}],"wp:attachment":[{"href":"http:\/\/archiwum.radiopodlasie.pl\/NEW\/wp-json\/wp\/v2\/media?parent=32979"}],"wp:term":[{"taxonomy":"category","embeddable":true,"href":"http:\/\/archiwum.radiopodlasie.pl\/NEW\/wp-json\/wp\/v2\/categories?post=32979"},{"taxonomy":"post_tag","embeddable":true,"href":"http:\/\/archiwum.radiopodlasie.pl\/NEW\/wp-json\/wp\/v2\/tags?post=32979"}],"curies":[{"name":"wp","href":"https:\/\/api.w.org\/{rel}","templated":true}]}}